{"id":1158,"date":"2019-09-24T09:00:01","date_gmt":"2019-09-24T14:00:01","guid":{"rendered":"https:\/\/bomberos.puyo.gob.ec\/voluntarios-capacitacion-el-personal-de-aspirantes-a-bomberos-voluntarios-termina-el-primer-modulo-de-primeros-auxilios-basicos-con-una-evaluacion-teorica-practica\/"},"modified":"2019-12-23T23:35:18","modified_gmt":"2019-12-24T04:35:18","slug":"voluntarios-capacitacion-el-personal-de-aspirantes-a-bomberos-voluntarios-termina-el-primer-modulo-de-primeros-auxilios-basicos-con-una-evaluacion-teorica-practica","status":"publish","type":"post","link":"https:\/\/bomberos.puyo.gob.ec\/2019\/voluntarios-capacitacion-el-personal-de-aspirantes-a-bomberos-voluntarios-termina-el-primer-modulo-de-primeros-auxilios-basicos-con-una-evaluacion-teorica-practica\/","title":{"rendered":"| #VOLUNTARIOS | #CAPACITACI\u00d3N | \u00c9l personal de aspirantes a bomberos voluntarios termina el primer m\u00f3dulo de primeros auxilios b\u00e1sicos con una evaluaci\u00f3n te\u00f3rica pr\u00e1ctica."},"content":{"rendered":"<p><img decoding=\"async\"  title=\" | #VOLUNTARIOS | #CAPACITACI\u00d3N | \u00c9l personal de aspirantes a bomberos voluntarios termina el primer m\u00f3dulo de primeros auxilios b\u00e1sicos con una evaluaci\u00f3n te\u00f3rica pr\u00e1ctica.\" src=\"https:\/\/bomberos.puyo.gob.ec\/2019\/wp-content\/uploads\/VOLUNTARIOS-CAPACITACION-El-personal-de-aspirantes-a.fna&#038;oh=e2e3b6bfa986cefeabbcb33ac9bd73cc&#038;oe=5EACF12C.jpeg\" \/><\/a><\/p>\n<p>| <a class=\"_58cn\" href=\"https:\/\/facebook.com\/hashtag\/voluntarios?source=feed_text&#038;epa=HASHTAG&#038;__xts__%5B0%5D=68.ARBPfJsPqfI5Oc7MquqWLQ1J4N_qY_0pkoOMRzQ5yiryOHH0mwyZOmQOP0uH3vwyztazwF22IBF39gj6cNAhvIrMStpi9KCy40agJQPPx1XabZ8AfA0GlNFUZaOhCcmPY2stttFlpKRM44fCkRDrf1l8FOI67NG1at5ArlGyj1N7_9IzjEgnLKJ4rj0BIDy5bB-Lmg92QxRJ9cn1w_EB-hAyH4e0ybreZkNAWMngAn3NZqRrg9LL_L5BEx45m4f8ibStl_UAY27XU7nP3SRWZ2sJHnpuJKnJ12SrD7sNiqgiDj3-_h40XiB9Afv5gWCQd_TYPMqcvZs7RsFjnhfapFSRRFeaZOGJFEY&#038;__tn__=%2ANK-R\" data-ft=\"&#123;&quot;type&quot;:104,&quot;tn&quot;:&quot;*N&quot;&#125;\"><span class=\"_5afx\"><span aria-label=\"hashtag\" class=\"_58cl _5afz\">#VOLUNTARIOS<\/span><\/span><\/a> | <a class=\"_58cn\" href=\"https:\/\/facebook.com\/hashtag\/capacitaci&#xf3;n?source=feed_text&#038;epa=HASHTAG&#038;__xts__%5B0%5D=68.ARBPfJsPqfI5Oc7MquqWLQ1J4N_qY_0pkoOMRzQ5yiryOHH0mwyZOmQOP0uH3vwyztazwF22IBF39gj6cNAhvIrMStpi9KCy40agJQPPx1XabZ8AfA0GlNFUZaOhCcmPY2stttFlpKRM44fCkRDrf1l8FOI67NG1at5ArlGyj1N7_9IzjEgnLKJ4rj0BIDy5bB-Lmg92QxRJ9cn1w_EB-hAyH4e0ybreZkNAWMngAn3NZqRrg9LL_L5BEx45m4f8ibStl_UAY27XU7nP3SRWZ2sJHnpuJKnJ12SrD7sNiqgiDj3-_h40XiB9Afv5gWCQd_TYPMqcvZs7RsFjnhfapFSRRFeaZOGJFEY&#038;__tn__=%2ANK-R\" data-ft=\"&#123;&quot;type&quot;:104,&quot;tn&quot;:&quot;*N&quot;&#125;\"><span class=\"_5afx\"><span aria-label=\"hashtag\" class=\"_58cl _5afz\">#CAPACITACI\u00d3N<\/span><\/span><\/a> | \u00c9l personal de aspirantes a bomberos voluntarios termina el primer m\u00f3dulo de primeros auxilios b\u00e1sicos con una evaluaci\u00f3n te\u00f3rica pr\u00e1ctica. <br \/> Acorde a la planificaci\u00f3n el personal de instructores, monitores y personal log\u00edstico a cumplido a cabalidad con sus funciones sin tener novedad alguna.<br \/> El personal de aspirantes en sus primeros 4 d\u00edas de formaci\u00f3n y capacitaci\u00f3n han respondido positivamente de forma f\u00edsica, t\u00e9cnica y acad\u00e9mica.<br \/> El viernes contin\u00faa con el m\u00f3dulo de qu\u00edmica del fuego, conocimientos necesarios para continuar con t\u00e9cnicas de combate al fuego e ingreso a compartimento de interiores.<\/p>\n<p> \u201cBOMBERO VOLUNTARIO VOCACI\u00d3N DE SERVICIO \u201c<\/p>\n<p>[fb_vid  mute=1  autoplay= \u00abtrue\u00bb  id=\u00bbphoto_id\u00bb:\u00bb2424499844301539&#8243;\u00bb][fb_vid  mute=1  autoplay= \u00abtrue\u00bb  id=\u00bb2424499844301539&#8243;]\n<br \/><a href=\"https:\/\/www.facebook.com\/465093860312824\/posts\/1387701094718758\">en facebook&#8230; <\/a>  <\/p>\n","protected":false},"excerpt":{"rendered":"<p><img decoding=\"async\"  title=\" | #VOLUNTARIOS | #CAPACITACI\u00d3N | \u00c9l personal de aspirantes a bomberos voluntarios termina el primer m\u00f3dulo de primeros auxilios b\u00e1sicos con una evaluaci\u00f3n te\u00f3rica pr\u00e1ctica.\" src=\"https:\/\/scontent.fuio15-1.fna.fbcdn.net\/v\/t15.5256-10\/67838986_2424512604300263_3344800790731554816_n.jpg?_nc_cat=108&#038;_nc_ohc=Gxu2kC2Tkk4AQlaOXcQnY0mu-Dy-k9q72hkUx9bnrJXJfsty8ivfA3Gyw&#038;_nc_ht=scontent.fuio15-1.fna&#038;oh=e2e3b6bfa986cefeabbcb33ac9bd73cc&#038;oe=5EACF12C\" \/><\/a><\/p>\n<p>| <a class=\"_58cn\" href=\"https:\/\/facebook.com\/hashtag\/voluntarios?source=feed_text&#038;epa=HASHTAG&#038;__xts__%5B0%5D=68.ARBPfJsPqfI5Oc7MquqWLQ1J4N_qY_0pkoOMRzQ5yiryOHH0mwyZOmQOP0uH3vwyztazwF22IBF39gj6cNAhvIrMStpi9KCy40agJQPPx1XabZ8AfA0GlNFUZaOhCcmPY2stttFlpKRM44fCkRDrf1l8FOI67NG1at5ArlGyj1N7_9IzjEgnLKJ4rj0BIDy5bB-Lmg92QxRJ9cn1w_EB-hAyH4e0ybreZkNAWMngAn3NZqRrg9LL_L5BEx45m4f8ibStl_UAY27XU7nP3SRWZ2sJHnpuJKnJ12SrD7sNiqgiDj3-_h40XiB9Afv5gWCQd_TYPMqcvZs7RsFjnhfapFSRRFeaZOGJFEY&#038;__tn__=%2ANK-R\" data-ft=\"&#123;&quot;type&quot;:104,&quot;tn&quot;:&quot;*N&quot;&#125;\"><span class=\"_5afx\"><span aria-label=\"hashtag\" class=\"_58cl _5afz\">#VOLUNTARIOS<\/span><\/span><\/a> | <a class=\"_58cn\" href=\"https:\/\/facebook.com\/hashtag\/capacitaci&#xf3;n?source=feed_text&#038;epa=HASHTAG&#038;__xts__%5B0%5D=68.ARBPfJsPqfI5Oc7MquqWLQ1J4N_qY_0pkoOMRzQ5yiryOHH0mwyZOmQOP0uH3vwyztazwF22IBF39gj6cNAhvIrMStpi9KCy40agJQPPx1XabZ8AfA0GlNFUZaOhCcmPY2stttFlpKRM44fCkRDrf1l8FOI67NG1at5ArlGyj1N7_9IzjEgnLKJ4rj0BIDy5bB-Lmg92QxRJ9cn1w_EB-hAyH4e0ybreZkNAWMngAn3NZqRrg9LL_L5BEx45m4f8ibStl_UAY27XU7nP3SRWZ2sJHnpuJKnJ12SrD7sNiqgiDj3-_h40XiB9Afv5gWCQd_TYPMqcvZs7RsFjnhfapFSRRFeaZOGJFEY&#038;__tn__=%2ANK-R\" data-ft=\"&#123;&quot;type&quot;:104,&quot;tn&quot;:&quot;*N&quot;&#125;\"><span class=\"_5afx\"><span aria-label=\"hashtag\" class=\"_58cl _5afz\">#CAPACITACI\u00d3N<\/span><\/span><\/a> | \u00c9l personal de aspirantes a bomberos voluntarios termina el primer m\u00f3dulo de primeros auxilios b\u00e1sicos con una evaluaci\u00f3n te\u00f3rica pr\u00e1ctica. <br \/> Acorde a la planificaci\u00f3n el personal de instructores, monitores y personal log\u00edstico a cumplido a cabalidad con sus funciones sin tener novedad alguna.<br \/> El personal de aspirantes en sus primeros 4 d\u00edas de formaci\u00f3n y capacitaci\u00f3n han respondido positivamente de forma f\u00edsica, t\u00e9cnica y acad\u00e9mica.<br \/> El viernes contin\u00faa con el m\u00f3dulo de qu\u00edmica del fuego, conocimientos necesarios para continuar con t\u00e9cnicas de combate al fuego e ingreso a compartimento de interiores.<\/p>\n<p> \u201cBOMBERO VOLUNTARIO VOCACI\u00d3N DE SERVICIO \u201c<\/p>\n<p>[fb_vid  mute=1  autoplay= \u00abtrue\u00bb  id=\u00bbphoto_id\u00bb:\u00bb2424499844301539&#8243;\u00bb][fb_vid  mute=1  autoplay= \u00abtrue\u00bb  id=\u00bb2424499844301539&#8243;]<\/p>\n","protected":false},"author":1,"featured_media":1159,"comment_status":"open","ping_status":"open","sticky":false,"template":"","format":"standard","meta":[],"categories":[1],"tags":[332,376,377,73,65,42,371,281,374,34,161,373,375,160,372,119,264],"_links":{"self":[{"href":"https:\/\/bomberos.puyo.gob.ec\/2019\/wp-json\/wp\/v2\/posts\/1158"}],"collection":[{"href":"https:\/\/bomberos.puyo.gob.ec\/2019\/wp-json\/wp\/v2\/posts"}],"about":[{"href":"https:\/\/bomberos.puyo.gob.ec\/2019\/wp-json\/wp\/v2\/types\/post"}],"author":[{"embeddable":true,"href":"https:\/\/bomberos.puyo.gob.ec\/2019\/wp-json\/wp\/v2\/users\/1"}],"replies":[{"embeddable":true,"href":"https:\/\/bomberos.puyo.gob.ec\/2019\/wp-json\/wp\/v2\/comments?post=1158"}],"version-history":[{"count":1,"href":"https:\/\/bomberos.puyo.gob.ec\/2019\/wp-json\/wp\/v2\/posts\/1158\/revisions"}],"predecessor-version":[{"id":1160,"href":"https:\/\/bomberos.puyo.gob.ec\/2019\/wp-json\/wp\/v2\/posts\/1158\/revisions\/1160"}],"wp:featuredmedia":[{"embeddable":true,"href":"https:\/\/bomberos.puyo.gob.ec\/2019\/wp-json\/wp\/v2\/media\/1159"}],"wp:attachment":[{"href":"https:\/\/bomberos.puyo.gob.ec\/2019\/wp-json\/wp\/v2\/media?parent=1158"}],"wp:term":[{"taxonomy":"category","embeddable":true,"href":"https:\/\/bomberos.puyo.gob.ec\/2019\/wp-json\/wp\/v2\/categories?post=1158"},{"taxonomy":"post_tag","embeddable":true,"href":"https:\/\/bomberos.puyo.gob.ec\/2019\/wp-json\/wp\/v2\/tags?post=1158"}],"curies":[{"name":"wp","href":"https:\/\/api.w.org\/{rel}","templated":true}]}}