{"id":1146,"date":"2019-09-26T14:33:58","date_gmt":"2019-09-26T19:33:58","guid":{"rendered":"https:\/\/bomberos.puyo.gob.ec\/ceremonia-diadelabandera-en-la-plaza-civica-heroes-del-cenepa-el-jef\/"},"modified":"2019-12-23T18:13:55","modified_gmt":"2019-12-23T23:13:55","slug":"ceremonia-diadelabandera-en-la-plaza-civica-heroes-del-cenepa-el-jef","status":"publish","type":"post","link":"https:\/\/bomberos.puyo.gob.ec\/2019\/ceremonia-diadelabandera-en-la-plaza-civica-heroes-del-cenepa-el-jef\/","title":{"rendered":"| #CEREMONIA | #DIADELABANDERA | \n En la Plaza C\u00edvica \u201cH\u00e9roes del Cenepa\u201d el Jef&#8230;"},"content":{"rendered":"<p><span><\/p>\n<p>| <a>#CEREMONIA<\/a> | <a>#DIADELABANDERA<\/a> | <br \/> En la Plaza C\u00edvica \u201cH\u00e9roes del Cenepa\u201d el Jefe del Cuerpo de Bomberos Municipal del cant\u00f3n Pastaza, participa en la Ceremonia C\u00edvico Militar, organizada por la Brigada de Selva 17 Pastaza, al conmemorar el D\u00eda Nacional de la Bandera.<\/p>\n<p><\/span>\n<\/p>\n<p><a href=\"https:\/\/bomberos.puyo.gob.ec\/2019\/wp-content\/uploads\/CEREMONIA-DIADELABANDERA-En-la-Plaza-Civica-\u201cHeroes.fna&#038;oh=238b511ee64952b8cb0aac571f31345d&#038;oe=5E6EA369.jpeg\"><img decoding=\"async\" class=\"wp_automatic_fb_img\" title=\"\" src=\"https:\/\/bomberos.puyo.gob.ec\/2019\/wp-content\/uploads\/CEREMONIA-DIADELABANDERA-En-la-Plaza-Civica-\u201cHeroes.fna&#038;oh=238b511ee64952b8cb0aac571f31345d&#038;oe=5E6EA369.jpeg\" \/><\/a><br \/><a href=\"https:\/\/bomberos.puyo.gob.ec\/2019\/wp-content\/uploads\/CEREMONIA-DIADELABANDERA-En-la-Plaza-Civica-\u201cHeroes.fna&#038;oh=6b14858e1088601cfa2a69a4d5f18069&#038;oe=5EA65AEC.jpeg\"><img decoding=\"async\" class=\"wp_automatic_fb_img\" title=\"\" src=\"https:\/\/bomberos.puyo.gob.ec\/2019\/wp-content\/uploads\/CEREMONIA-DIADELABANDERA-En-la-Plaza-Civica-\u201cHeroes.fna&#038;oh=6b14858e1088601cfa2a69a4d5f18069&#038;oe=5EA65AEC.jpeg\" \/><\/a><br \/><a href=\"https:\/\/bomberos.puyo.gob.ec\/2019\/wp-content\/uploads\/CEREMONIA-DIADELABANDERA-En-la-Plaza-Civica-\u201cHeroes.fna&#038;oh=c8e41a422811ee4860dea96b28209c2e&#038;oe=5EB08C7A.jpeg\"><img decoding=\"async\" class=\"wp_automatic_fb_img\" title=\"\" src=\"https:\/\/bomberos.puyo.gob.ec\/2019\/wp-content\/uploads\/CEREMONIA-DIADELABANDERA-En-la-Plaza-Civica-\u201cHeroes.fna&#038;oh=c8e41a422811ee4860dea96b28209c2e&#038;oe=5EB08C7A.jpeg\" \/><\/a><br \/><a href=\"https:\/\/bomberos.puyo.gob.ec\/2019\/wp-content\/uploads\/CEREMONIA-DIADELABANDERA-En-la-Plaza-Civica-\u201cHeroes.fna&#038;oh=a7c545eb8bf959daaf6393e4a3eb32a7&#038;oe=5EA8EB56.jpeg\"><img decoding=\"async\" class=\"wp_automatic_fb_img\" title=\"\" src=\"https:\/\/bomberos.puyo.gob.ec\/2019\/wp-content\/uploads\/CEREMONIA-DIADELABANDERA-En-la-Plaza-Civica-\u201cHeroes.fna&#038;oh=a7c545eb8bf959daaf6393e4a3eb32a7&#038;oe=5EA8EB56.jpeg\" \/><\/a><br \/>\n<br \/><a href=\"https:\/\/www.facebook.com\/465093860312824\/posts\/1389983071157227\">en facebook&#8230; <\/a>  <\/p>\n","protected":false},"excerpt":{"rendered":"<p><span><\/p>\n<p>| <a>#CEREMONIA<\/a> | <a>#DIADELABANDERA<\/a> | <br \/> En la Plaza C\u00edvica \u201cH\u00e9roes del Cenepa\u201d el Jefe del Cuerpo de Bomberos Municipal del cant\u00f3n Pastaza, participa en la Ceremonia C\u00edvico Militar, organizada por la Brigada de Selva 17 Pastaza, al conmemorar el D\u00eda Nacional de la Bandera.<\/p>\n<p><\/span>\n<\/p>\n<p><a href=\"https:\/\/scontent.fuio15-1.fna.fbcdn.net\/v\/t1.0-9\/71111287_1389982111157323_6806234003956301824_o.jpg?_nc_cat=109&#038;_nc_ohc=GhHomfnhxGQAQkXiHTqwueA23rwijHhdqDGOg1rWOrie1Szp6NBfIs3Dw&#038;_nc_ht=scontent.fuio15-1.fna&#038;oh=238b511ee64952b8cb0aac571f31345d&#038;oe=5E6EA369\"><img decoding=\"async\" class=\"wp_automatic_fb_img\" title=\"\" src=\"https:\/\/scontent.fuio15-1.fna.fbcdn.net\/v\/t1.0-9\/71111287_1389982111157323_6806234003956301824_o.jpg?_nc_cat=109&#038;_nc_ohc=GhHomfnhxGQAQkXiHTqwueA23rwijHhdqDGOg1rWOrie1Szp6NBfIs3Dw&#038;_nc_ht=scontent.fuio15-1.fna&#038;oh=238b511ee64952b8cb0aac571f31345d&#038;oe=5E6EA369\" \/><\/a><br \/><a href=\"https:\/\/scontent.fuio15-1.fna.fbcdn.net\/v\/t1.0-9\/71263543_1389982067823994_7316667661377601536_o.jpg?_nc_cat=111&#038;_nc_ohc=scPeWaDV5DsAQnb75gJv1ohX7eVsH1gfsy3Zuk3tM0HiQTD-F7jZj22kA&#038;_nc_ht=scontent.fuio15-1.fna&#038;oh=6b14858e1088601cfa2a69a4d5f18069&#038;oe=5EA65AEC\"><img decoding=\"async\" class=\"wp_automatic_fb_img\" title=\"\" src=\"https:\/\/scontent.fuio15-1.fna.fbcdn.net\/v\/t1.0-9\/71263543_1389982067823994_7316667661377601536_o.jpg?_nc_cat=111&#038;_nc_ohc=scPeWaDV5DsAQnb75gJv1ohX7eVsH1gfsy3Zuk3tM0HiQTD-F7jZj22kA&#038;_nc_ht=scontent.fuio15-1.fna&#038;oh=6b14858e1088601cfa2a69a4d5f18069&#038;oe=5EA65AEC\" \/><\/a><br \/><a href=\"https:\/\/scontent.fuio15-1.fna.fbcdn.net\/v\/t1.0-9\/71020414_1389982057823995_3886963798224928768_o.jpg?_nc_cat=101&#038;_nc_ohc=c5Tx-5UOUGAAQkv1-yrKU-D5hpH2v8ZDn0PCQ73SM2VMUMDjQAZUbKFFA&#038;_nc_ht=scontent.fuio15-1.fna&#038;oh=c8e41a422811ee4860dea96b28209c2e&#038;oe=5EB08C7A\"><img decoding=\"async\" class=\"wp_automatic_fb_img\" title=\"\" src=\"https:\/\/scontent.fuio15-1.fna.fbcdn.net\/v\/t1.0-9\/71020414_1389982057823995_3886963798224928768_o.jpg?_nc_cat=101&#038;_nc_ohc=c5Tx-5UOUGAAQkv1-yrKU-D5hpH2v8ZDn0PCQ73SM2VMUMDjQAZUbKFFA&#038;_nc_ht=scontent.fuio15-1.fna&#038;oh=c8e41a422811ee4860dea96b28209c2e&#038;oe=5EB08C7A\" \/><\/a><br \/><a href=\"https:\/\/scontent.fuio15-1.fna.fbcdn.net\/v\/t1.0-9\/72131056_1389982137823987_4901703942787825664_o.jpg?_nc_cat=111&#038;_nc_ohc=6S5-cbRJ--QAQmmVHElSoIoTAftY9ngxFWIEE5HVpkm4Z4qBMPQBnjwBA&#038;_nc_ht=scontent.fuio15-1.fna&#038;oh=a7c545eb8bf959daaf6393e4a3eb32a7&#038;oe=5EA8EB56\"><img decoding=\"async\" class=\"wp_automatic_fb_img\" title=\"\" src=\"https:\/\/scontent.fuio15-1.fna.fbcdn.net\/v\/t1.0-9\/72131056_1389982137823987_4901703942787825664_o.jpg?_nc_cat=111&#038;_nc_ohc=6S5-cbRJ--QAQmmVHElSoIoTAftY9ngxFWIEE5HVpkm4Z4qBMPQBnjwBA&#038;_nc_ht=scontent.fuio15-1.fna&#038;oh=a7c545eb8bf959daaf6393e4a3eb32a7&#038;oe=5EA8EB56\" \/><\/a><\/p>\n","protected":false},"author":1,"featured_media":1147,"comment_status":"open","ping_status":"open","sticky":false,"template":"","format":"standard","meta":[],"categories":[1],"tags":[356,351,354,32,352,355,357,353],"_links":{"self":[{"href":"https:\/\/bomberos.puyo.gob.ec\/2019\/wp-json\/wp\/v2\/posts\/1146"}],"collection":[{"href":"https:\/\/bomberos.puyo.gob.ec\/2019\/wp-json\/wp\/v2\/posts"}],"about":[{"href":"https:\/\/bomberos.puyo.gob.ec\/2019\/wp-json\/wp\/v2\/types\/post"}],"author":[{"embeddable":true,"href":"https:\/\/bomberos.puyo.gob.ec\/2019\/wp-json\/wp\/v2\/users\/1"}],"replies":[{"embeddable":true,"href":"https:\/\/bomberos.puyo.gob.ec\/2019\/wp-json\/wp\/v2\/comments?post=1146"}],"version-history":[{"count":1,"href":"https:\/\/bomberos.puyo.gob.ec\/2019\/wp-json\/wp\/v2\/posts\/1146\/revisions"}],"predecessor-version":[{"id":1148,"href":"https:\/\/bomberos.puyo.gob.ec\/2019\/wp-json\/wp\/v2\/posts\/1146\/revisions\/1148"}],"wp:featuredmedia":[{"embeddable":true,"href":"https:\/\/bomberos.puyo.gob.ec\/2019\/wp-json\/wp\/v2\/media\/1147"}],"wp:attachment":[{"href":"https:\/\/bomberos.puyo.gob.ec\/2019\/wp-json\/wp\/v2\/media?parent=1146"}],"wp:term":[{"taxonomy":"category","embeddable":true,"href":"https:\/\/bomberos.puyo.gob.ec\/2019\/wp-json\/wp\/v2\/categories?post=1146"},{"taxonomy":"post_tag","embeddable":true,"href":"https:\/\/bomberos.puyo.gob.ec\/2019\/wp-json\/wp\/v2\/tags?post=1146"}],"curies":[{"name":"wp","href":"https:\/\/api.w.org\/{rel}","templated":true}]}}