{"id":1137,"date":"2019-10-03T12:51:11","date_gmt":"2019-10-03T17:51:11","guid":{"rendered":"https:\/\/bomberos.puyo.gob.ec\/atencion-paronacional-si-participas-en-el-paro-nacional-estas-en-tu-ju\/"},"modified":"2019-12-23T15:02:20","modified_gmt":"2019-12-23T20:02:20","slug":"atencion-paronacional-si-participas-en-el-paro-nacional-estas-en-tu-ju","status":"publish","type":"post","link":"https:\/\/bomberos.puyo.gob.ec\/2019\/atencion-paronacional-si-participas-en-el-paro-nacional-estas-en-tu-ju\/","title":{"rendered":"| #ATENCI\u00d3N | #PARONACIONAL |\n Si participas en el paro nacional\n Est\u00e1s en tu ju&#8230;"},"content":{"rendered":"<p><span><\/p>\n<p>| <a>#ATENCI\u00d3N<\/a> | <a>#PARONACIONAL<\/a> |<br \/> Si participas en el paro nacional<br \/> Est\u00e1s en tu justo derecho, pero recuerda que las AMBULANCIAS atienden emergencias y est\u00e1n salvando VIDAS, por favor permite su libre tr\u00e1nsito hasta el sitio del accidente y su regreso<\/p>\n<p><\/span>\n<\/p>\n<p><a href=\"https:\/\/bomberos.puyo.gob.ec\/2019\/wp-content\/uploads\/ATENCION-PARONACIONAL-Si-participas-en-el-paro.fna&#038;oh=9f823c9005373485d254c567315664e5&#038;oe=5EB2B80F.jpeg\"><img decoding=\"async\" class=\"wp_automatic_fb_img\" title=\"\" src=\"https:\/\/bomberos.puyo.gob.ec\/2019\/wp-content\/uploads\/ATENCION-PARONACIONAL-Si-participas-en-el-paro.fna&#038;oh=9f823c9005373485d254c567315664e5&#038;oe=5EB2B80F.jpeg\" \/><\/a><br \/>\n<br \/><a href=\"https:\/\/www.facebook.com\/465093860312824\/posts\/1395917510563783\">en facebook&#8230; <\/a>  <\/p>\n","protected":false},"excerpt":{"rendered":"<p><span><\/p>\n<p>| <a>#ATENCI\u00d3N<\/a> | <a>#PARONACIONAL<\/a> |<br \/> Si participas en el paro nacional<br \/> Est\u00e1s en tu justo derecho, pero recuerda que las AMBULANCIAS atienden emergencias y est\u00e1n salvando VIDAS, por favor permite su libre tr\u00e1nsito hasta el sitio del accidente y su regreso<\/p>\n<p><\/span>\n<\/p>\n<p><a href=\"https:\/\/scontent.fuio15-1.fna.fbcdn.net\/v\/t1.0-9\/71274514_1395917463897121_8542829705684844544_o.jpg?_nc_cat=106&#038;_nc_ohc=lOiluMR3C-sAQnlAfg5M15hQ6S2HeW9ia92wLq9SHI7Jzq9J7ZRpBR2bQ&#038;_nc_ht=scontent.fuio15-1.fna&#038;oh=9f823c9005373485d254c567315664e5&#038;oe=5EB2B80F\"><img decoding=\"async\" class=\"wp_automatic_fb_img\" title=\"\" src=\"https:\/\/scontent.fuio15-1.fna.fbcdn.net\/v\/t1.0-9\/71274514_1395917463897121_8542829705684844544_o.jpg?_nc_cat=106&#038;_nc_ohc=lOiluMR3C-sAQnlAfg5M15hQ6S2HeW9ia92wLq9SHI7Jzq9J7ZRpBR2bQ&#038;_nc_ht=scontent.fuio15-1.fna&#038;oh=9f823c9005373485d254c567315664e5&#038;oe=5EB2B80F\" \/><\/a><\/p>\n","protected":false},"author":1,"featured_media":1138,"comment_status":"open","ping_status":"open","sticky":false,"template":"","format":"standard","meta":[],"categories":[1],"tags":[292,344,186,343,301,342],"_links":{"self":[{"href":"https:\/\/bomberos.puyo.gob.ec\/2019\/wp-json\/wp\/v2\/posts\/1137"}],"collection":[{"href":"https:\/\/bomberos.puyo.gob.ec\/2019\/wp-json\/wp\/v2\/posts"}],"about":[{"href":"https:\/\/bomberos.puyo.gob.ec\/2019\/wp-json\/wp\/v2\/types\/post"}],"author":[{"embeddable":true,"href":"https:\/\/bomberos.puyo.gob.ec\/2019\/wp-json\/wp\/v2\/users\/1"}],"replies":[{"embeddable":true,"href":"https:\/\/bomberos.puyo.gob.ec\/2019\/wp-json\/wp\/v2\/comments?post=1137"}],"version-history":[{"count":1,"href":"https:\/\/bomberos.puyo.gob.ec\/2019\/wp-json\/wp\/v2\/posts\/1137\/revisions"}],"predecessor-version":[{"id":1139,"href":"https:\/\/bomberos.puyo.gob.ec\/2019\/wp-json\/wp\/v2\/posts\/1137\/revisions\/1139"}],"wp:featuredmedia":[{"embeddable":true,"href":"https:\/\/bomberos.puyo.gob.ec\/2019\/wp-json\/wp\/v2\/media\/1138"}],"wp:attachment":[{"href":"https:\/\/bomberos.puyo.gob.ec\/2019\/wp-json\/wp\/v2\/media?parent=1137"}],"wp:term":[{"taxonomy":"category","embeddable":true,"href":"https:\/\/bomberos.puyo.gob.ec\/2019\/wp-json\/wp\/v2\/categories?post=1137"},{"taxonomy":"post_tag","embeddable":true,"href":"https:\/\/bomberos.puyo.gob.ec\/2019\/wp-json\/wp\/v2\/tags?post=1137"}],"curies":[{"name":"wp","href":"https:\/\/api.w.org\/{rel}","templated":true}]}}