{"id":1122,"date":"2019-10-07T15:30:40","date_gmt":"2019-10-07T20:30:40","guid":{"rendered":"https:\/\/bomberos.puyo.gob.ec\/ecu911-rescate-por-llamado-del-ecu-911-la-unidad-de-rescate-se-dirige-a\/"},"modified":"2019-12-23T08:46:05","modified_gmt":"2019-12-23T13:46:05","slug":"ecu911-rescate-por-llamado-del-ecu-911-la-unidad-de-rescate-se-dirige-a","status":"publish","type":"post","link":"https:\/\/bomberos.puyo.gob.ec\/2019\/ecu911-rescate-por-llamado-del-ecu-911-la-unidad-de-rescate-se-dirige-a\/","title":{"rendered":"| #ECU911 | #RESCATE |\n Por llamado del ECU-911 la Unidad de Rescate se dirige a&#8230;"},"content":{"rendered":"<p>| <a class=\"_58cn\" href=\"https:\/\/facebook.com\/hashtag\/ecu911?source=feed_text&#038;epa=HASHTAG&#038;__xts__%5B0%5D=68.ARDsTWCjQCEIibYPceTu0enjjFoJ6EoshqV9KPRkK-dn4yE9x7mfjcrkcMKePfOKLfn7agrdpvUnEo-QmlMQDVmbZ2cllxh3jmPSvQTeVCPcOOiAuK1lmH_TCcKP4X-ktIClYz0kXBN7Q-KBI2lpbD2vPW42cEAXq1DSwepZSZ0sEbgTC6OXSzEGFiQPM3mVWRJVs3PvIqH70XmovHP8VBN5V2RPCsFv98iUO2XAkCTclsNvfafa8OrkK_O7SLaLiotcoXJulprCtXn56BEAEzGs6fMWMQBNIFFORyVqVTNCcDvDZ9LXtxdowdqYA5Bz6S_w73uiXnmJT_W6fVKN3uUnNQ&#038;__tn__=%2ANK-R\" data-ft=\"&#123;&quot;type&quot;:104,&quot;tn&quot;:&quot;*N&quot;&#125;\"><span class=\"_5afx\"><span aria-label=\"hashtag\" class=\"_58cl _5afz\">#ECU911<\/span><\/span><\/a> | <a class=\"_58cn\" href=\"https:\/\/facebook.com\/hashtag\/rescate?source=feed_text&#038;epa=HASHTAG&#038;__xts__%5B0%5D=68.ARDsTWCjQCEIibYPceTu0enjjFoJ6EoshqV9KPRkK-dn4yE9x7mfjcrkcMKePfOKLfn7agrdpvUnEo-QmlMQDVmbZ2cllxh3jmPSvQTeVCPcOOiAuK1lmH_TCcKP4X-ktIClYz0kXBN7Q-KBI2lpbD2vPW42cEAXq1DSwepZSZ0sEbgTC6OXSzEGFiQPM3mVWRJVs3PvIqH70XmovHP8VBN5V2RPCsFv98iUO2XAkCTclsNvfafa8OrkK_O7SLaLiotcoXJulprCtXn56BEAEzGs6fMWMQBNIFFORyVqVTNCcDvDZ9LXtxdowdqYA5Bz6S_w73uiXnmJT_W6fVKN3uUnNQ&#038;__tn__=%2ANK-R\" data-ft=\"&#123;&quot;type&quot;:104,&quot;tn&quot;:&quot;*N&quot;&#125;\"><span class=\"_5afx\"><span aria-label=\"hashtag\" class=\"_58cl _5afz\">#RESCATE<\/span><\/span><\/a> |<br \/> Por llamado del ECU-911 la Unidad de Rescate se dirige al paseo tur\u00edstico en el Km 2 1\/2 para socorrer a una persona que se encontraba al otro lado del r\u00edo, la misma que presentaba una luxaci\u00f3n de manguito rotador en la articulaci\u00f3n acromioclavicular, se la rescata y atiende.<br \/> Posterior el ciudadano fue entregado a la unidad de ambulancia Alfa 24 a mando del se\u00f1or Luis Ordo\u00f1ez.<\/p>\n<p><a href=\"https:\/\/bomberos.puyo.gob.ec\/2019\/wp-content\/uploads\/ECU911-RESCATE-Por-llamado-del-ECU-911-la.fna&#038;oh=a5206faa76ef526fdf4f92edb8686783&#038;oe=5EA56086.jpeg\"><img decoding=\"async\" class=\"wp_automatic_fb_img\" title=\"\" src=\"https:\/\/bomberos.puyo.gob.ec\/2019\/wp-content\/uploads\/ECU911-RESCATE-Por-llamado-del-ECU-911-la.fna&#038;oh=a5206faa76ef526fdf4f92edb8686783&#038;oe=5EA56086.jpeg\" \/><\/a><br \/><a href=\"https:\/\/bomberos.puyo.gob.ec\/2019\/wp-content\/uploads\/ECU911-RESCATE-Por-llamado-del-ECU-911-la.fna&#038;oh=cc40db3f35ba89fe1b38e4ba3dacbf41&#038;oe=5E74D6DD.jpeg\"><img decoding=\"async\" class=\"wp_automatic_fb_img\" title=\"\" src=\"https:\/\/bomberos.puyo.gob.ec\/2019\/wp-content\/uploads\/ECU911-RESCATE-Por-llamado-del-ECU-911-la.fna&#038;oh=cc40db3f35ba89fe1b38e4ba3dacbf41&#038;oe=5E74D6DD.jpeg\" \/><\/a><br \/><a href=\"https:\/\/bomberos.puyo.gob.ec\/2019\/wp-content\/uploads\/ECU911-RESCATE-Por-llamado-del-ECU-911-la.fna&#038;oh=0a102d0a4a9409900802310ff6c6e3e2&#038;oe=5EA9C07B.jpeg\"><img decoding=\"async\" class=\"wp_automatic_fb_img\" title=\"\" src=\"https:\/\/bomberos.puyo.gob.ec\/2019\/wp-content\/uploads\/ECU911-RESCATE-Por-llamado-del-ECU-911-la.fna&#038;oh=0a102d0a4a9409900802310ff6c6e3e2&#038;oe=5EA9C07B.jpeg\" \/><\/a><br \/><a href=\"https:\/\/bomberos.puyo.gob.ec\/2019\/wp-content\/uploads\/ECU911-RESCATE-Por-llamado-del-ECU-911-la.fna&#038;oh=2a3e20c3dc1d8ffeb808b3fa94615271&#038;oe=5E762B49.jpeg\"><img decoding=\"async\" class=\"wp_automatic_fb_img\" title=\"\" src=\"https:\/\/bomberos.puyo.gob.ec\/2019\/wp-content\/uploads\/ECU911-RESCATE-Por-llamado-del-ECU-911-la.fna&#038;oh=2a3e20c3dc1d8ffeb808b3fa94615271&#038;oe=5E762B49.jpeg\" \/><\/a><br \/>\n<br \/><a href=\"https:\/\/www.facebook.com\/465093860312824\/posts\/1399636690191865\">en facebook&#8230; <\/a>  <\/p>\n","protected":false},"excerpt":{"rendered":"<p>| <a class=\"_58cn\" href=\"https:\/\/facebook.com\/hashtag\/ecu911?source=feed_text&#038;epa=HASHTAG&#038;__xts__%5B0%5D=68.ARDsTWCjQCEIibYPceTu0enjjFoJ6EoshqV9KPRkK-dn4yE9x7mfjcrkcMKePfOKLfn7agrdpvUnEo-QmlMQDVmbZ2cllxh3jmPSvQTeVCPcOOiAuK1lmH_TCcKP4X-ktIClYz0kXBN7Q-KBI2lpbD2vPW42cEAXq1DSwepZSZ0sEbgTC6OXSzEGFiQPM3mVWRJVs3PvIqH70XmovHP8VBN5V2RPCsFv98iUO2XAkCTclsNvfafa8OrkK_O7SLaLiotcoXJulprCtXn56BEAEzGs6fMWMQBNIFFORyVqVTNCcDvDZ9LXtxdowdqYA5Bz6S_w73uiXnmJT_W6fVKN3uUnNQ&#038;__tn__=%2ANK-R\" data-ft=\"&#123;&quot;type&quot;:104,&quot;tn&quot;:&quot;*N&quot;&#125;\"><span class=\"_5afx\"><span aria-label=\"hashtag\" class=\"_58cl _5afz\">#ECU911<\/span><\/span><\/a> | <a class=\"_58cn\" href=\"https:\/\/facebook.com\/hashtag\/rescate?source=feed_text&#038;epa=HASHTAG&#038;__xts__%5B0%5D=68.ARDsTWCjQCEIibYPceTu0enjjFoJ6EoshqV9KPRkK-dn4yE9x7mfjcrkcMKePfOKLfn7agrdpvUnEo-QmlMQDVmbZ2cllxh3jmPSvQTeVCPcOOiAuK1lmH_TCcKP4X-ktIClYz0kXBN7Q-KBI2lpbD2vPW42cEAXq1DSwepZSZ0sEbgTC6OXSzEGFiQPM3mVWRJVs3PvIqH70XmovHP8VBN5V2RPCsFv98iUO2XAkCTclsNvfafa8OrkK_O7SLaLiotcoXJulprCtXn56BEAEzGs6fMWMQBNIFFORyVqVTNCcDvDZ9LXtxdowdqYA5Bz6S_w73uiXnmJT_W6fVKN3uUnNQ&#038;__tn__=%2ANK-R\" data-ft=\"&#123;&quot;type&quot;:104,&quot;tn&quot;:&quot;*N&quot;&#125;\"><span class=\"_5afx\"><span aria-label=\"hashtag\" class=\"_58cl _5afz\">#RESCATE<\/span><\/span><\/a> |<br \/> Por llamado del ECU-911 la Unidad de Rescate se dirige al paseo tur\u00edstico en el Km 2 1\/2 para socorrer a una persona que se encontraba al otro lado del r\u00edo, la misma que presentaba una luxaci\u00f3n de manguito rotador en la articulaci\u00f3n acromioclavicular, se la rescata y atiende.<br \/> Posterior el ciudadano fue entregado a la unidad de ambulancia Alfa 24 a mando del se\u00f1or Luis Ordo\u00f1ez.<\/p>\n<p><a href=\"https:\/\/scontent.fuio15-1.fna.fbcdn.net\/v\/t1.0-9\/72065072_1399636436858557_1980478990065860608_o.jpg?_nc_cat=109&#038;_nc_ohc=cmNwQnjdX5AAQlbHvyTY0LvjP3-2rhCqyxZul-gFJoi7RvvOicjVWN_hQ&#038;_nc_ht=scontent.fuio15-1.fna&#038;oh=a5206faa76ef526fdf4f92edb8686783&#038;oe=5EA56086\"><img decoding=\"async\" class=\"wp_automatic_fb_img\" title=\"\" src=\"https:\/\/scontent.fuio15-1.fna.fbcdn.net\/v\/t1.0-9\/72065072_1399636436858557_1980478990065860608_o.jpg?_nc_cat=109&#038;_nc_ohc=cmNwQnjdX5AAQlbHvyTY0LvjP3-2rhCqyxZul-gFJoi7RvvOicjVWN_hQ&#038;_nc_ht=scontent.fuio15-1.fna&#038;oh=a5206faa76ef526fdf4f92edb8686783&#038;oe=5EA56086\" \/><\/a><br \/><a href=\"https:\/\/scontent.fuio15-1.fna.fbcdn.net\/v\/t1.0-9\/72352223_1399636416858559_3304932052431798272_o.jpg?_nc_cat=100&#038;_nc_ohc=MhSR6fc_3ZgAQnucZ7s5O3UGOVxhmgv9JQGvHJnqTVTMvUIye_X84IWEA&#038;_nc_ht=scontent.fuio15-1.fna&#038;oh=cc40db3f35ba89fe1b38e4ba3dacbf41&#038;oe=5E74D6DD\"><img decoding=\"async\" class=\"wp_automatic_fb_img\" title=\"\" src=\"https:\/\/scontent.fuio15-1.fna.fbcdn.net\/v\/t1.0-9\/72352223_1399636416858559_3304932052431798272_o.jpg?_nc_cat=100&#038;_nc_ohc=MhSR6fc_3ZgAQnucZ7s5O3UGOVxhmgv9JQGvHJnqTVTMvUIye_X84IWEA&#038;_nc_ht=scontent.fuio15-1.fna&#038;oh=cc40db3f35ba89fe1b38e4ba3dacbf41&#038;oe=5E74D6DD\" \/><\/a><br \/><a href=\"https:\/\/scontent.fuio15-1.fna.fbcdn.net\/v\/t1.0-9\/72359192_1399636453525222_1637897348971495424_o.jpg?_nc_cat=109&#038;_nc_ohc=FT4ibpjq44sAQkFII7bp_RG3EEedeWuyGVxRrC_RAoL9vyc-yDp2CBgnQ&#038;_nc_ht=scontent.fuio15-1.fna&#038;oh=0a102d0a4a9409900802310ff6c6e3e2&#038;oe=5EA9C07B\"><img decoding=\"async\" class=\"wp_automatic_fb_img\" title=\"\" src=\"https:\/\/scontent.fuio15-1.fna.fbcdn.net\/v\/t1.0-9\/72359192_1399636453525222_1637897348971495424_o.jpg?_nc_cat=109&#038;_nc_ohc=FT4ibpjq44sAQkFII7bp_RG3EEedeWuyGVxRrC_RAoL9vyc-yDp2CBgnQ&#038;_nc_ht=scontent.fuio15-1.fna&#038;oh=0a102d0a4a9409900802310ff6c6e3e2&#038;oe=5EA9C07B\" \/><\/a><br \/><a href=\"https:\/\/scontent.fuio15-1.fna.fbcdn.net\/v\/t1.0-9\/71674046_1399636506858550_1551363511827824640_o.jpg?_nc_cat=110&#038;_nc_ohc=tnQ3AkiE9CUAQlkC8JHn2S9btTe89gViaUrD5r0WUpfHD9O4veFwk5GJQ&#038;_nc_ht=scontent.fuio15-1.fna&#038;oh=2a3e20c3dc1d8ffeb808b3fa94615271&#038;oe=5E762B49\"><img decoding=\"async\" class=\"wp_automatic_fb_img\" title=\"\" src=\"https:\/\/scontent.fuio15-1.fna.fbcdn.net\/v\/t1.0-9\/71674046_1399636506858550_1551363511827824640_o.jpg?_nc_cat=110&#038;_nc_ohc=tnQ3AkiE9CUAQlkC8JHn2S9btTe89gViaUrD5r0WUpfHD9O4veFwk5GJQ&#038;_nc_ht=scontent.fuio15-1.fna&#038;oh=2a3e20c3dc1d8ffeb808b3fa94615271&#038;oe=5E762B49\" \/><\/a><\/p>\n","protected":false},"author":1,"featured_media":1123,"comment_status":"open","ping_status":"open","sticky":false,"template":"","format":"standard","meta":[],"categories":[1],"tags":[32,86,69,31,30,183,41],"_links":{"self":[{"href":"https:\/\/bomberos.puyo.gob.ec\/2019\/wp-json\/wp\/v2\/posts\/1122"}],"collection":[{"href":"https:\/\/bomberos.puyo.gob.ec\/2019\/wp-json\/wp\/v2\/posts"}],"about":[{"href":"https:\/\/bomberos.puyo.gob.ec\/2019\/wp-json\/wp\/v2\/types\/post"}],"author":[{"embeddable":true,"href":"https:\/\/bomberos.puyo.gob.ec\/2019\/wp-json\/wp\/v2\/users\/1"}],"replies":[{"embeddable":true,"href":"https:\/\/bomberos.puyo.gob.ec\/2019\/wp-json\/wp\/v2\/comments?post=1122"}],"version-history":[{"count":1,"href":"https:\/\/bomberos.puyo.gob.ec\/2019\/wp-json\/wp\/v2\/posts\/1122\/revisions"}],"predecessor-version":[{"id":1124,"href":"https:\/\/bomberos.puyo.gob.ec\/2019\/wp-json\/wp\/v2\/posts\/1122\/revisions\/1124"}],"wp:featuredmedia":[{"embeddable":true,"href":"https:\/\/bomberos.puyo.gob.ec\/2019\/wp-json\/wp\/v2\/media\/1123"}],"wp:attachment":[{"href":"https:\/\/bomberos.puyo.gob.ec\/2019\/wp-json\/wp\/v2\/media?parent=1122"}],"wp:term":[{"taxonomy":"category","embeddable":true,"href":"https:\/\/bomberos.puyo.gob.ec\/2019\/wp-json\/wp\/v2\/categories?post=1122"},{"taxonomy":"post_tag","embeddable":true,"href":"https:\/\/bomberos.puyo.gob.ec\/2019\/wp-json\/wp\/v2\/tags?post=1122"}],"curies":[{"name":"wp","href":"https:\/\/api.w.org\/{rel}","templated":true}]}}