{"id":1107,"date":"2019-10-08T18:39:40","date_gmt":"2019-10-08T23:39:40","guid":{"rendered":"https:\/\/bomberos.puyo.gob.ec\/apoyo-paciente-por-llamada-directa-al-movil-del-senor-comandante-del-cb-m\/"},"modified":"2019-12-23T02:19:19","modified_gmt":"2019-12-23T07:19:19","slug":"apoyo-paciente-por-llamada-directa-al-movil-del-senor-comandante-del-cb-m","status":"publish","type":"post","link":"https:\/\/bomberos.puyo.gob.ec\/2019\/apoyo-paciente-por-llamada-directa-al-movil-del-senor-comandante-del-cb-m\/","title":{"rendered":"|#APOYO |#PACIENTE |\n Por llamada directa al m\u00f3vil del se\u00f1or comandante del CB-M&#8230;"},"content":{"rendered":"<p>|<a class=\"_58cn\" href=\"https:\/\/facebook.com\/hashtag\/apoyo?source=feed_text&#038;epa=HASHTAG&#038;__xts__%5B0%5D=68.ARC_0RqAucNFV8C3-1gd6s44REZ6G8BMyKwJ0NW1ILnZCl9Y190w3Ug9wtjJORDrVNol2QiEcIn8pFCxnQD_4uKQ4_ez0V_ZXW9X2eqiaYYDiFlwEe_zrfEt7g6JNJx5LMa7XUD21DLbOvwGTj7_dLdooYCSIrpEPcfYkSCIYaj7hvF-26T58jQyOr52FabpDCcQp8980M-LIZ3EKBA6zEYcOXlbcso4ZctH-3hk48Ox4zq4DpoNlbMeXtDU6ypyeHOVIRU3qeXhfCZxQsplqd1e3trLXPG_eKEUZ8Jyx1MiFnp0I2ViZGFQXTIV_Wp0XX7eT69QR8Lg9bnRmsYVHd9mEA&#038;__tn__=%2ANK-R\" data-ft=\"&#123;&quot;type&quot;:104,&quot;tn&quot;:&quot;*N&quot;&#125;\"><span class=\"_5afx\"><span aria-label=\"hashtag\" class=\"_58cl _5afz\">#APOYO<\/span><\/span><\/a> |<a class=\"_58cn\" href=\"https:\/\/facebook.com\/hashtag\/paciente?source=feed_text&#038;epa=HASHTAG&#038;__xts__%5B0%5D=68.ARC_0RqAucNFV8C3-1gd6s44REZ6G8BMyKwJ0NW1ILnZCl9Y190w3Ug9wtjJORDrVNol2QiEcIn8pFCxnQD_4uKQ4_ez0V_ZXW9X2eqiaYYDiFlwEe_zrfEt7g6JNJx5LMa7XUD21DLbOvwGTj7_dLdooYCSIrpEPcfYkSCIYaj7hvF-26T58jQyOr52FabpDCcQp8980M-LIZ3EKBA6zEYcOXlbcso4ZctH-3hk48Ox4zq4DpoNlbMeXtDU6ypyeHOVIRU3qeXhfCZxQsplqd1e3trLXPG_eKEUZ8Jyx1MiFnp0I2ViZGFQXTIV_Wp0XX7eT69QR8Lg9bnRmsYVHd9mEA&#038;__tn__=%2ANK-R\" data-ft=\"&#123;&quot;type&quot;:104,&quot;tn&quot;:&quot;*N&quot;&#125;\"><span class=\"_5afx\"><span aria-label=\"hashtag\" class=\"_58cl _5afz\">#PACIENTE<\/span><\/span><\/a> |<br \/> Por llamada directa al m\u00f3vil del se\u00f1or comandante del CB-MCP la unidad A3 se dirige al Km 2 v\u00eda a Macas a dar alcance a un veh\u00edculo camioneta  de Bomberos Palora quienes trasladan a una paciente de 5 meses de nacida la misma que presenta Neumon\u00eda teniendo un control pedi\u00e1trico en el camino por la doctora Mar\u00eda Salazar se la  trasladada al hospital general Puyo posterior la unidad retorna a X1<\/p>\n<p><a href=\"https:\/\/bomberos.puyo.gob.ec\/2019\/wp-content\/uploads\/APOYO-PACIENTE-Por-llamada-directa-al-movil-del-senor.fna&#038;oh=be18530b03344d44dd630d900ac4ee60&#038;oe=5EAF9D38.jpeg\"><img decoding=\"async\" class=\"wp_automatic_fb_img\" title=\"\" src=\"https:\/\/bomberos.puyo.gob.ec\/2019\/wp-content\/uploads\/APOYO-PACIENTE-Por-llamada-directa-al-movil-del-senor.fna&#038;oh=be18530b03344d44dd630d900ac4ee60&#038;oe=5EAF9D38.jpeg\" \/><\/a><br \/><a href=\"https:\/\/bomberos.puyo.gob.ec\/2019\/wp-content\/uploads\/APOYO-PACIENTE-Por-llamada-directa-al-movil-del-senor.fna&#038;oh=d807c3dfb82f3e1057cf8f04185604e0&#038;oe=5E7273B4.jpeg\"><img decoding=\"async\" class=\"wp_automatic_fb_img\" title=\"\" src=\"https:\/\/bomberos.puyo.gob.ec\/2019\/wp-content\/uploads\/APOYO-PACIENTE-Por-llamada-directa-al-movil-del-senor.fna&#038;oh=d807c3dfb82f3e1057cf8f04185604e0&#038;oe=5E7273B4.jpeg\" \/><\/a><br \/><a href=\"https:\/\/bomberos.puyo.gob.ec\/2019\/wp-content\/uploads\/APOYO-PACIENTE-Por-llamada-directa-al-movil-del-senor.fna&#038;oh=3d2c15851feaf9e1892634f62360d76f&#038;oe=5EAA7F82.jpeg\"><img decoding=\"async\" class=\"wp_automatic_fb_img\" title=\"\" src=\"https:\/\/bomberos.puyo.gob.ec\/2019\/wp-content\/uploads\/APOYO-PACIENTE-Por-llamada-directa-al-movil-del-senor.fna&#038;oh=3d2c15851feaf9e1892634f62360d76f&#038;oe=5EAA7F82.jpeg\" \/><\/a><br \/>\n<br \/><a href=\"https:\/\/www.facebook.com\/465093860312824\/posts\/1400653440090190\">en facebook&#8230; <\/a>  <\/p>\n","protected":false},"excerpt":{"rendered":"<p>|<a class=\"_58cn\" href=\"https:\/\/facebook.com\/hashtag\/apoyo?source=feed_text&#038;epa=HASHTAG&#038;__xts__%5B0%5D=68.ARC_0RqAucNFV8C3-1gd6s44REZ6G8BMyKwJ0NW1ILnZCl9Y190w3Ug9wtjJORDrVNol2QiEcIn8pFCxnQD_4uKQ4_ez0V_ZXW9X2eqiaYYDiFlwEe_zrfEt7g6JNJx5LMa7XUD21DLbOvwGTj7_dLdooYCSIrpEPcfYkSCIYaj7hvF-26T58jQyOr52FabpDCcQp8980M-LIZ3EKBA6zEYcOXlbcso4ZctH-3hk48Ox4zq4DpoNlbMeXtDU6ypyeHOVIRU3qeXhfCZxQsplqd1e3trLXPG_eKEUZ8Jyx1MiFnp0I2ViZGFQXTIV_Wp0XX7eT69QR8Lg9bnRmsYVHd9mEA&#038;__tn__=%2ANK-R\" data-ft=\"&#123;&quot;type&quot;:104,&quot;tn&quot;:&quot;*N&quot;&#125;\"><span class=\"_5afx\"><span aria-label=\"hashtag\" class=\"_58cl _5afz\">#APOYO<\/span><\/span><\/a> |<a class=\"_58cn\" href=\"https:\/\/facebook.com\/hashtag\/paciente?source=feed_text&#038;epa=HASHTAG&#038;__xts__%5B0%5D=68.ARC_0RqAucNFV8C3-1gd6s44REZ6G8BMyKwJ0NW1ILnZCl9Y190w3Ug9wtjJORDrVNol2QiEcIn8pFCxnQD_4uKQ4_ez0V_ZXW9X2eqiaYYDiFlwEe_zrfEt7g6JNJx5LMa7XUD21DLbOvwGTj7_dLdooYCSIrpEPcfYkSCIYaj7hvF-26T58jQyOr52FabpDCcQp8980M-LIZ3EKBA6zEYcOXlbcso4ZctH-3hk48Ox4zq4DpoNlbMeXtDU6ypyeHOVIRU3qeXhfCZxQsplqd1e3trLXPG_eKEUZ8Jyx1MiFnp0I2ViZGFQXTIV_Wp0XX7eT69QR8Lg9bnRmsYVHd9mEA&#038;__tn__=%2ANK-R\" data-ft=\"&#123;&quot;type&quot;:104,&quot;tn&quot;:&quot;*N&quot;&#125;\"><span class=\"_5afx\"><span aria-label=\"hashtag\" class=\"_58cl _5afz\">#PACIENTE<\/span><\/span><\/a> |<br \/> Por llamada directa al m\u00f3vil del se\u00f1or comandante del CB-MCP la unidad A3 se dirige al Km 2 v\u00eda a Macas a dar alcance a un veh\u00edculo camioneta  de Bomberos Palora quienes trasladan a una paciente de 5 meses de nacida la misma que presenta Neumon\u00eda teniendo un control pedi\u00e1trico en el camino por la doctora Mar\u00eda Salazar se la  trasladada al hospital general Puyo posterior la unidad retorna a X1<\/p>\n<p><a href=\"https:\/\/scontent.fuio15-1.fna.fbcdn.net\/v\/t1.0-9\/72528575_1400653306756870_7789890722873737216_o.jpg?_nc_cat=109&#038;_nc_ohc=1cIQzVTjQogAQkhc6Hc48NJAVquklNKUYI8Vd0-UGj7v_tGAxuHCR2u3g&#038;_nc_ht=scontent.fuio15-1.fna&#038;oh=be18530b03344d44dd630d900ac4ee60&#038;oe=5EAF9D38\"><img decoding=\"async\" class=\"wp_automatic_fb_img\" title=\"\" src=\"https:\/\/scontent.fuio15-1.fna.fbcdn.net\/v\/t1.0-9\/72528575_1400653306756870_7789890722873737216_o.jpg?_nc_cat=109&#038;_nc_ohc=1cIQzVTjQogAQkhc6Hc48NJAVquklNKUYI8Vd0-UGj7v_tGAxuHCR2u3g&#038;_nc_ht=scontent.fuio15-1.fna&#038;oh=be18530b03344d44dd630d900ac4ee60&#038;oe=5EAF9D38\" \/><\/a><br \/><a href=\"https:\/\/scontent.fuio15-1.fna.fbcdn.net\/v\/t1.0-9\/72632773_1400653296756871_8717092854054256640_o.jpg?_nc_cat=107&#038;_nc_ohc=c8qpBT_0pV0AQkNul9-844hgHFWjfDzdXPImxv2YHqR7RauU_B-kigjQw&#038;_nc_ht=scontent.fuio15-1.fna&#038;oh=d807c3dfb82f3e1057cf8f04185604e0&#038;oe=5E7273B4\"><img decoding=\"async\" class=\"wp_automatic_fb_img\" title=\"\" src=\"https:\/\/scontent.fuio15-1.fna.fbcdn.net\/v\/t1.0-9\/72632773_1400653296756871_8717092854054256640_o.jpg?_nc_cat=107&#038;_nc_ohc=c8qpBT_0pV0AQkNul9-844hgHFWjfDzdXPImxv2YHqR7RauU_B-kigjQw&#038;_nc_ht=scontent.fuio15-1.fna&#038;oh=d807c3dfb82f3e1057cf8f04185604e0&#038;oe=5E7273B4\" \/><\/a><br \/><a href=\"https:\/\/scontent.fuio15-1.fna.fbcdn.net\/v\/t1.0-9\/73265055_1400653290090205_3647523090914607104_o.jpg?_nc_cat=109&#038;_nc_ohc=2et5OMJBXqMAQnpQxDmxWI9o9fh6rdrliXrMIh1t2hTmAtIAd4-peExKQ&#038;_nc_ht=scontent.fuio15-1.fna&#038;oh=3d2c15851feaf9e1892634f62360d76f&#038;oe=5EAA7F82\"><img decoding=\"async\" class=\"wp_automatic_fb_img\" title=\"\" src=\"https:\/\/scontent.fuio15-1.fna.fbcdn.net\/v\/t1.0-9\/73265055_1400653290090205_3647523090914607104_o.jpg?_nc_cat=109&#038;_nc_ohc=2et5OMJBXqMAQnpQxDmxWI9o9fh6rdrliXrMIh1t2hTmAtIAd4-peExKQ&#038;_nc_ht=scontent.fuio15-1.fna&#038;oh=3d2c15851feaf9e1892634f62360d76f&#038;oe=5EAA7F82\" \/><\/a><\/p>\n","protected":false},"author":1,"featured_media":1108,"comment_status":"open","ping_status":"open","sticky":false,"template":"","format":"standard","meta":[],"categories":[1],"tags":[317,323,322,32,319,115,320,318,30,321],"_links":{"self":[{"href":"https:\/\/bomberos.puyo.gob.ec\/2019\/wp-json\/wp\/v2\/posts\/1107"}],"collection":[{"href":"https:\/\/bomberos.puyo.gob.ec\/2019\/wp-json\/wp\/v2\/posts"}],"about":[{"href":"https:\/\/bomberos.puyo.gob.ec\/2019\/wp-json\/wp\/v2\/types\/post"}],"author":[{"embeddable":true,"href":"https:\/\/bomberos.puyo.gob.ec\/2019\/wp-json\/wp\/v2\/users\/1"}],"replies":[{"embeddable":true,"href":"https:\/\/bomberos.puyo.gob.ec\/2019\/wp-json\/wp\/v2\/comments?post=1107"}],"version-history":[{"count":1,"href":"https:\/\/bomberos.puyo.gob.ec\/2019\/wp-json\/wp\/v2\/posts\/1107\/revisions"}],"predecessor-version":[{"id":1109,"href":"https:\/\/bomberos.puyo.gob.ec\/2019\/wp-json\/wp\/v2\/posts\/1107\/revisions\/1109"}],"wp:featuredmedia":[{"embeddable":true,"href":"https:\/\/bomberos.puyo.gob.ec\/2019\/wp-json\/wp\/v2\/media\/1108"}],"wp:attachment":[{"href":"https:\/\/bomberos.puyo.gob.ec\/2019\/wp-json\/wp\/v2\/media?parent=1107"}],"wp:term":[{"taxonomy":"category","embeddable":true,"href":"https:\/\/bomberos.puyo.gob.ec\/2019\/wp-json\/wp\/v2\/categories?post=1107"},{"taxonomy":"post_tag","embeddable":true,"href":"https:\/\/bomberos.puyo.gob.ec\/2019\/wp-json\/wp\/v2\/tags?post=1107"}],"curies":[{"name":"wp","href":"https:\/\/api.w.org\/{rel}","templated":true}]}}