{"id":1104,"date":"2019-10-09T13:58:44","date_gmt":"2019-10-09T18:58:44","guid":{"rendered":"https:\/\/bomberos.puyo.gob.ec\/comunicado-bomberos-en-dias-anteriores-por-motivo-de-celebrarse-el-dia\/"},"modified":"2019-12-23T01:11:14","modified_gmt":"2019-12-23T06:11:14","slug":"comunicado-bomberos-en-dias-anteriores-por-motivo-de-celebrarse-el-dia","status":"publish","type":"post","link":"https:\/\/bomberos.puyo.gob.ec\/2019\/comunicado-bomberos-en-dias-anteriores-por-motivo-de-celebrarse-el-dia\/","title":{"rendered":"| #COMUNICADO | #BOMBEROS |\n En d\u00edas anteriores por motivo de celebrarse el Dia &#8230;"},"content":{"rendered":"<p>| <a class=\"_58cn\" href=\"https:\/\/facebook.com\/hashtag\/comunicado?source=feed_text&#038;epa=HASHTAG&#038;__xts__%5B0%5D=68.ARCMVt6EG0NxGm3Kg-RSHT57uuBb9hiRpmdtUvgLBL76e9n0srU0khQTUZx-KaWiLHdsrqwpxy7TSgp7setbLmqTcsf40mvM1q-6QE33lmAP53pVWaqIrSPqJPzYFF8D24mocd1KpzpdfT07AqYABvxBcxpa5_VoHU3UrPwCPTnTQCax3eRX8gTwSN2EFsYcSeKYaaqun5MCC8jAboKFb7Cs50bTjmenGLysH-aH0RQxiHjDuc-V4nCjs7BwvvnnREST3DuSjv4V-rQ20CKirpFIck0353wIzDYvX7Q9F6zROyUQNHGik2bmX9B_Hp2IW2utCe-tQ9OTrYHt3F_6sXJYHA&#038;__tn__=%2ANK-R\" data-ft=\"&#123;&quot;type&quot;:104,&quot;tn&quot;:&quot;*N&quot;&#125;\"><span class=\"_5afx\"><span aria-label=\"hashtag\" class=\"_58cl _5afz\">#COMUNICADO<\/span><\/span><\/a> | <a class=\"_58cn\" href=\"https:\/\/facebook.com\/hashtag\/bomberos?source=feed_text&#038;epa=HASHTAG&#038;__xts__%5B0%5D=68.ARCMVt6EG0NxGm3Kg-RSHT57uuBb9hiRpmdtUvgLBL76e9n0srU0khQTUZx-KaWiLHdsrqwpxy7TSgp7setbLmqTcsf40mvM1q-6QE33lmAP53pVWaqIrSPqJPzYFF8D24mocd1KpzpdfT07AqYABvxBcxpa5_VoHU3UrPwCPTnTQCax3eRX8gTwSN2EFsYcSeKYaaqun5MCC8jAboKFb7Cs50bTjmenGLysH-aH0RQxiHjDuc-V4nCjs7BwvvnnREST3DuSjv4V-rQ20CKirpFIck0353wIzDYvX7Q9F6zROyUQNHGik2bmX9B_Hp2IW2utCe-tQ9OTrYHt3F_6sXJYHA&#038;__tn__=%2ANK-R\" data-ft=\"&#123;&quot;type&quot;:104,&quot;tn&quot;:&quot;*N&quot;&#125;\"><span class=\"_5afx\"><span aria-label=\"hashtag\" class=\"_58cl _5afz\">#BOMBEROS<\/span><\/span><\/a> |<\/p>\n<p> En d\u00edas anteriores por motivo de celebrarse el Dia del Bombero Ecuatoriano se realiz\u00f3 la invitaci\u00f3n de la CEREMONIA CASTRENSE que se hab\u00eda planificado realizar el d\u00eda 10 de octubre del 2019, sin embargo, debido a los eventos de paralizaci\u00f3n que se est\u00e1n dando a nivel nacional poniendo en riesgo la seguridad ciudadana y que mediante Decreto Ejecutivo N\u00b0884 del jueves 03 de Octubre del 2019, el Presidente Constitucional de la Rep\u00fablica del Ecuador Lenin Moreno Garc\u00e9s decret\u00f3 el ESTADO DE EXCEPCI\u00d3N Y SUSPENDE en todo el territorio nacional el derecho a la libertad de asociaci\u00f3n y reuni\u00f3n y LIMITA el derecho a la libertad de tr\u00e1nsito en todo el territorio nacional, se comunica a la noble ciudadan\u00eda que dicho evento queda SUSPENDIDO hasta nuevo aviso.<\/p>\n<p> ABNEGACI\u00d3N Y DISCIPLINA<\/p>\n<p> Msg. Rolando Ramos<br \/> JEFE DEL CUERPO DE BOMBEROS<br \/> MUNICIPAL DEL CANT\u00d3N PASTAZA<\/p>\n<p><a href=\"https:\/\/bomberos.puyo.gob.ec\/2019\/wp-content\/uploads\/COMUNICADO-BOMBEROS-En-dias-anteriores-por-motivo.fna&#038;oh=c19a6d833263e774cbc4b3b571269378&#038;oe=5E67CEB5.png\"><img decoding=\"async\" class=\"wp_automatic_fb_img\" title=\"\" src=\"https:\/\/bomberos.puyo.gob.ec\/2019\/wp-content\/uploads\/COMUNICADO-BOMBEROS-En-dias-anteriores-por-motivo.fna&#038;oh=c19a6d833263e774cbc4b3b571269378&#038;oe=5E67CEB5.png\" \/><\/a><br \/>\n<br \/><a href=\"https:\/\/www.facebook.com\/465093860312824\/posts\/1401390726683128\">en facebook&#8230; <\/a>  <\/p>\n","protected":false},"excerpt":{"rendered":"<p>| <a class=\"_58cn\" href=\"https:\/\/facebook.com\/hashtag\/comunicado?source=feed_text&#038;epa=HASHTAG&#038;__xts__%5B0%5D=68.ARCMVt6EG0NxGm3Kg-RSHT57uuBb9hiRpmdtUvgLBL76e9n0srU0khQTUZx-KaWiLHdsrqwpxy7TSgp7setbLmqTcsf40mvM1q-6QE33lmAP53pVWaqIrSPqJPzYFF8D24mocd1KpzpdfT07AqYABvxBcxpa5_VoHU3UrPwCPTnTQCax3eRX8gTwSN2EFsYcSeKYaaqun5MCC8jAboKFb7Cs50bTjmenGLysH-aH0RQxiHjDuc-V4nCjs7BwvvnnREST3DuSjv4V-rQ20CKirpFIck0353wIzDYvX7Q9F6zROyUQNHGik2bmX9B_Hp2IW2utCe-tQ9OTrYHt3F_6sXJYHA&#038;__tn__=%2ANK-R\" data-ft=\"&#123;&quot;type&quot;:104,&quot;tn&quot;:&quot;*N&quot;&#125;\"><span class=\"_5afx\"><span aria-label=\"hashtag\" class=\"_58cl _5afz\">#COMUNICADO<\/span><\/span><\/a> | <a class=\"_58cn\" href=\"https:\/\/facebook.com\/hashtag\/bomberos?source=feed_text&#038;epa=HASHTAG&#038;__xts__%5B0%5D=68.ARCMVt6EG0NxGm3Kg-RSHT57uuBb9hiRpmdtUvgLBL76e9n0srU0khQTUZx-KaWiLHdsrqwpxy7TSgp7setbLmqTcsf40mvM1q-6QE33lmAP53pVWaqIrSPqJPzYFF8D24mocd1KpzpdfT07AqYABvxBcxpa5_VoHU3UrPwCPTnTQCax3eRX8gTwSN2EFsYcSeKYaaqun5MCC8jAboKFb7Cs50bTjmenGLysH-aH0RQxiHjDuc-V4nCjs7BwvvnnREST3DuSjv4V-rQ20CKirpFIck0353wIzDYvX7Q9F6zROyUQNHGik2bmX9B_Hp2IW2utCe-tQ9OTrYHt3F_6sXJYHA&#038;__tn__=%2ANK-R\" data-ft=\"&#123;&quot;type&quot;:104,&quot;tn&quot;:&quot;*N&quot;&#125;\"><span class=\"_5afx\"><span aria-label=\"hashtag\" class=\"_58cl _5afz\">#BOMBEROS<\/span><\/span><\/a> |<\/p>\n<p> En d\u00edas anteriores por motivo de celebrarse el Dia del Bombero Ecuatoriano se realiz\u00f3 la invitaci\u00f3n de la CEREMONIA CASTRENSE que se hab\u00eda planificado realizar el d\u00eda 10 de octubre del 2019, sin embargo, debido a los eventos de paralizaci\u00f3n que se est\u00e1n dando a nivel nacional poniendo en riesgo la seguridad ciudadana y que mediante Decreto Ejecutivo N\u00b0884 del jueves 03 de Octubre del 2019, el Presidente Constitucional de la Rep\u00fablica del Ecuador Lenin Moreno Garc\u00e9s decret\u00f3 el ESTADO DE EXCEPCI\u00d3N Y SUSPENDE en todo el territorio nacional el derecho a la libertad de asociaci\u00f3n y reuni\u00f3n y LIMITA el derecho a la libertad de tr\u00e1nsito en todo el territorio nacional, se comunica a la noble ciudadan\u00eda que dicho evento queda SUSPENDIDO hasta nuevo aviso.<\/p>\n<p> ABNEGACI\u00d3N Y DISCIPLINA<\/p>\n<p> Msg. Rolando Ramos<br \/> JEFE DEL CUERPO DE BOMBEROS<br \/> MUNICIPAL DEL CANT\u00d3N PASTAZA<\/p>\n<p><a href=\"https:\/\/scontent.fuio15-1.fna.fbcdn.net\/v\/t1.0-9\/72752396_1401390453349822_2826831316836679680_o.png?_nc_cat=105&#038;_nc_ohc=_Co0jSP8bcoAQmXEdalZZnqNGr_3JwpfDSmdnlqWLQRycS-NNSbRBLH0A&#038;_nc_ht=scontent.fuio15-1.fna&#038;oh=c19a6d833263e774cbc4b3b571269378&#038;oe=5E67CEB5\"><img decoding=\"async\" class=\"wp_automatic_fb_img\" title=\"\" src=\"https:\/\/scontent.fuio15-1.fna.fbcdn.net\/v\/t1.0-9\/72752396_1401390453349822_2826831316836679680_o.png?_nc_cat=105&#038;_nc_ohc=_Co0jSP8bcoAQmXEdalZZnqNGr_3JwpfDSmdnlqWLQRycS-NNSbRBLH0A&#038;_nc_ht=scontent.fuio15-1.fna&#038;oh=c19a6d833263e774cbc4b3b571269378&#038;oe=5E67CEB5\" \/><\/a><\/p>\n","protected":false},"author":1,"featured_media":1105,"comment_status":"open","ping_status":"open","sticky":false,"template":"","format":"standard","meta":[],"categories":[1],"tags":[314,73,316,313,24,159,315,30],"_links":{"self":[{"href":"https:\/\/bomberos.puyo.gob.ec\/2019\/wp-json\/wp\/v2\/posts\/1104"}],"collection":[{"href":"https:\/\/bomberos.puyo.gob.ec\/2019\/wp-json\/wp\/v2\/posts"}],"about":[{"href":"https:\/\/bomberos.puyo.gob.ec\/2019\/wp-json\/wp\/v2\/types\/post"}],"author":[{"embeddable":true,"href":"https:\/\/bomberos.puyo.gob.ec\/2019\/wp-json\/wp\/v2\/users\/1"}],"replies":[{"embeddable":true,"href":"https:\/\/bomberos.puyo.gob.ec\/2019\/wp-json\/wp\/v2\/comments?post=1104"}],"version-history":[{"count":1,"href":"https:\/\/bomberos.puyo.gob.ec\/2019\/wp-json\/wp\/v2\/posts\/1104\/revisions"}],"predecessor-version":[{"id":1106,"href":"https:\/\/bomberos.puyo.gob.ec\/2019\/wp-json\/wp\/v2\/posts\/1104\/revisions\/1106"}],"wp:featuredmedia":[{"embeddable":true,"href":"https:\/\/bomberos.puyo.gob.ec\/2019\/wp-json\/wp\/v2\/media\/1105"}],"wp:attachment":[{"href":"https:\/\/bomberos.puyo.gob.ec\/2019\/wp-json\/wp\/v2\/media?parent=1104"}],"wp:term":[{"taxonomy":"category","embeddable":true,"href":"https:\/\/bomberos.puyo.gob.ec\/2019\/wp-json\/wp\/v2\/categories?post=1104"},{"taxonomy":"post_tag","embeddable":true,"href":"https:\/\/bomberos.puyo.gob.ec\/2019\/wp-json\/wp\/v2\/tags?post=1104"}],"curies":[{"name":"wp","href":"https:\/\/api.w.org\/{rel}","templated":true}]}}