{"id":1101,"date":"2019-10-09T14:53:27","date_gmt":"2019-10-09T19:53:27","guid":{"rendered":"https:\/\/bomberos.puyo.gob.ec\/ecu911-atencion-por-llamado-del-ecu911-la-unidad-de-rescate-se-dirige\/"},"modified":"2019-12-22T22:55:58","modified_gmt":"2019-12-23T03:55:58","slug":"ecu911-atencion-por-llamado-del-ecu911-la-unidad-de-rescate-se-dirige","status":"publish","type":"post","link":"https:\/\/bomberos.puyo.gob.ec\/2019\/ecu911-atencion-por-llamado-del-ecu911-la-unidad-de-rescate-se-dirige\/","title":{"rendered":"| #ECU911 | #ATENCI\u00d3N |\n Por llamado del ECU911, la Unidad de Rescate, se dirige&#8230;"},"content":{"rendered":"<p><span><\/p>\n<p>| <a>#ECU911<\/a> | <a>#ATENCI\u00d3N<\/a> |<br \/><span> Por llamado del ECU911, la Unidad de Rescate, se dirige ayudar con el traslado de una ni\u00f1a de 11 a\u00f1os en el sector el Paico, la misma que presenta una deshidrataci\u00f3n isot\u00f3nica moderada producto de una posible gastroenteritis<\/span><wbr><\/wbr><span class=\"word_break\"><\/span> no especificada, la misma que fue trasladada hacia el hospital general Puyo.<\/p>\n<p><\/span>\n<\/p>\n<p><a href=\"https:\/\/bomberos.puyo.gob.ec\/2019\/wp-content\/uploads\/ECU911-ATENCION-Por-llamado-del-ECU911-la.fna&#038;oh=53557e6f7c7aab9beee5ec5252bc57a4&#038;oe=5EA47AC2.jpeg\"><img decoding=\"async\" class=\"wp_automatic_fb_img\" title=\"\" src=\"https:\/\/bomberos.puyo.gob.ec\/2019\/wp-content\/uploads\/ECU911-ATENCION-Por-llamado-del-ECU911-la.fna&#038;oh=53557e6f7c7aab9beee5ec5252bc57a4&#038;oe=5EA47AC2.jpeg\" \/><\/a><br \/>\n<br \/><a href=\"https:\/\/www.facebook.com\/465093860312824\/posts\/1401425450012989\">en facebook&#8230; <\/a>  <\/p>\n","protected":false},"excerpt":{"rendered":"<p><span><\/p>\n<p>| <a>#ECU911<\/a> | <a>#ATENCI\u00d3N<\/a> |<br \/><span> Por llamado del ECU911, la Unidad de Rescate, se dirige ayudar con el traslado de una ni\u00f1a de 11 a\u00f1os en el sector el Paico, la misma que presenta una deshidrataci\u00f3n isot\u00f3nica moderada producto de una posible gastroenteritis<\/span><wbr><\/wbr><span class=\"word_break\"><\/span> no especificada, la misma que fue trasladada hacia el hospital general Puyo.<\/p>\n<p><\/span>\n<\/p>\n<p><a href=\"https:\/\/scontent.fuio15-1.fna.fbcdn.net\/v\/t1.0-9\/72052182_1401425410012993_703046538166796288_o.jpg?_nc_cat=105&#038;_nc_ohc=HIFTGYmjaEYAQmRHNfXSGuwmrAhHS3jbrtyvUzRDdBeDwNyvIla4R6a1A&#038;_nc_ht=scontent.fuio15-1.fna&#038;oh=53557e6f7c7aab9beee5ec5252bc57a4&#038;oe=5EA47AC2\"><img decoding=\"async\" class=\"wp_automatic_fb_img\" title=\"\" src=\"https:\/\/scontent.fuio15-1.fna.fbcdn.net\/v\/t1.0-9\/72052182_1401425410012993_703046538166796288_o.jpg?_nc_cat=105&#038;_nc_ohc=HIFTGYmjaEYAQmRHNfXSGuwmrAhHS3jbrtyvUzRDdBeDwNyvIla4R6a1A&#038;_nc_ht=scontent.fuio15-1.fna&#038;oh=53557e6f7c7aab9beee5ec5252bc57a4&#038;oe=5EA47AC2\" \/><\/a><\/p>\n","protected":false},"author":1,"featured_media":1102,"comment_status":"open","ping_status":"open","sticky":false,"template":"","format":"standard","meta":[],"categories":[1],"tags":[292,32,86,69,31,30,183,41],"_links":{"self":[{"href":"https:\/\/bomberos.puyo.gob.ec\/2019\/wp-json\/wp\/v2\/posts\/1101"}],"collection":[{"href":"https:\/\/bomberos.puyo.gob.ec\/2019\/wp-json\/wp\/v2\/posts"}],"about":[{"href":"https:\/\/bomberos.puyo.gob.ec\/2019\/wp-json\/wp\/v2\/types\/post"}],"author":[{"embeddable":true,"href":"https:\/\/bomberos.puyo.gob.ec\/2019\/wp-json\/wp\/v2\/users\/1"}],"replies":[{"embeddable":true,"href":"https:\/\/bomberos.puyo.gob.ec\/2019\/wp-json\/wp\/v2\/comments?post=1101"}],"version-history":[{"count":1,"href":"https:\/\/bomberos.puyo.gob.ec\/2019\/wp-json\/wp\/v2\/posts\/1101\/revisions"}],"predecessor-version":[{"id":1103,"href":"https:\/\/bomberos.puyo.gob.ec\/2019\/wp-json\/wp\/v2\/posts\/1101\/revisions\/1103"}],"wp:featuredmedia":[{"embeddable":true,"href":"https:\/\/bomberos.puyo.gob.ec\/2019\/wp-json\/wp\/v2\/media\/1102"}],"wp:attachment":[{"href":"https:\/\/bomberos.puyo.gob.ec\/2019\/wp-json\/wp\/v2\/media?parent=1101"}],"wp:term":[{"taxonomy":"category","embeddable":true,"href":"https:\/\/bomberos.puyo.gob.ec\/2019\/wp-json\/wp\/v2\/categories?post=1101"},{"taxonomy":"post_tag","embeddable":true,"href":"https:\/\/bomberos.puyo.gob.ec\/2019\/wp-json\/wp\/v2\/tags?post=1101"}],"curies":[{"name":"wp","href":"https:\/\/api.w.org\/{rel}","templated":true}]}}