{"id":1089,"date":"2019-10-10T10:56:13","date_gmt":"2019-10-10T15:56:13","guid":{"rendered":"https:\/\/bomberos.puyo.gob.ec\/diadelbomberoecuatoriano-la-ley-de-defensa-contra-incendios-dictada-mediante\/"},"modified":"2019-12-22T18:39:52","modified_gmt":"2019-12-22T23:39:52","slug":"diadelbomberoecuatoriano-la-ley-de-defensa-contra-incendios-dictada-mediante","status":"publish","type":"post","link":"https:\/\/bomberos.puyo.gob.ec\/2019\/diadelbomberoecuatoriano-la-ley-de-defensa-contra-incendios-dictada-mediante\/","title":{"rendered":"|#D\u00edadelBomberoEcuatoriano|\n La ley de Defensa contra incendios dictada mediante&#8230;"},"content":{"rendered":"<p>|<a class=\"_58cn\" href=\"https:\/\/facebook.com\/hashtag\/d&#xed;adelbomberoecuatoriano?source=feed_text&#038;epa=HASHTAG&#038;__xts__%5B0%5D=68.ARBGdjGZQytZKr4oLjLep6IF1ikv93bnMHSWwLbAZgXs9OsAjW_mle3ENoecjodCwhUhC8kh4lHrextjOcH1hISZsauYlnhytGXlkjDy_6Ddh0meJabkWiAtgdw7GEWf8G1L2gY58iM3hriSZIbAiOF2GKVh7yXhh__8uDKmQmD6xzsmHHAQITYPwcpJfgNmTbbRYZh6Jk4JtyLWa2aPxcaev2lWmoCsxbXH0ipyLLAAIsw180M1ZcTh8A0dxZv5REKk5qQSqibZqmFnMEr7B4ZxCC4bYLPm2ApIbvrT2Sj-gWb0Iw-tGSxN4Zh1cQTNGN4-Zo7QNzIZ6GLGOYg1-r5-Tg&#038;__tn__=%2ANK-R\" data-ft=\"&#123;&quot;type&quot;:104,&quot;tn&quot;:&quot;*N&quot;&#125;\"><span class=\"_5afx\"><span aria-label=\"hashtag\" class=\"_58cl _5afz\">#D\u00edadelBomberoEcuatoriano<\/span><\/span><\/a>|<br \/> La ley de Defensa contra incendios dictada mediante Decreto No. 1303, del 18 de diciembre de 1974, establece el 10 de octubre como D\u00eda del Bombero Ecuatoriano.<br \/> Ser Bombero es integrar una familia hermanada por el anhelo de servir, unidos por la paz, arriesgando lo m\u00e1s valioso que poseen para ayudar al pr\u00f3jimo.<br \/> En estos momentos que m\u00e1s necesita nuestro pa\u00eds solicitamos a todos nuestros compatriotas nos ayuden permiti\u00e9ndonos realizar nuestro trabajo y servicio a la comunidad.<\/p>\n<p> <a class=\"_58cn\" href=\"https:\/\/facebook.com\/hashtag\/felizdiadelbombero?source=feed_text&#038;epa=HASHTAG&#038;__xts__%5B0%5D=68.ARBGdjGZQytZKr4oLjLep6IF1ikv93bnMHSWwLbAZgXs9OsAjW_mle3ENoecjodCwhUhC8kh4lHrextjOcH1hISZsauYlnhytGXlkjDy_6Ddh0meJabkWiAtgdw7GEWf8G1L2gY58iM3hriSZIbAiOF2GKVh7yXhh__8uDKmQmD6xzsmHHAQITYPwcpJfgNmTbbRYZh6Jk4JtyLWa2aPxcaev2lWmoCsxbXH0ipyLLAAIsw180M1ZcTh8A0dxZv5REKk5qQSqibZqmFnMEr7B4ZxCC4bYLPm2ApIbvrT2Sj-gWb0Iw-tGSxN4Zh1cQTNGN4-Zo7QNzIZ6GLGOYg1-r5-Tg&#038;__tn__=%2ANK-R\" data-ft=\"&#123;&quot;type&quot;:104,&quot;tn&quot;:&quot;*N&quot;&#125;\"><span class=\"_5afx\"><span aria-label=\"hashtag\" class=\"_58cl _5afz\">#FelizDiaDelBombero<\/span><\/span><\/a><\/p>\n<p><a href=\"https:\/\/bomberos.puyo.gob.ec\/2019\/wp-content\/uploads\/DiadelBomberoEcuatoriano-La-ley-de-Defensa-contra-incendios-dictada-mediante.fna&#038;oh=af4fd2159689823d363022bbce3cf9a3&#038;oe=5E747470.jpeg\"><img decoding=\"async\" class=\"wp_automatic_fb_img\" title=\"\" src=\"https:\/\/bomberos.puyo.gob.ec\/2019\/wp-content\/uploads\/DiadelBomberoEcuatoriano-La-ley-de-Defensa-contra-incendios-dictada-mediante.fna&#038;oh=af4fd2159689823d363022bbce3cf9a3&#038;oe=5E747470.jpeg\" \/><\/a><br \/>\n<br \/><a href=\"https:\/\/www.facebook.com\/465093860312824\/posts\/1402152196606981\">en facebook&#8230; <\/a>  <\/p>\n","protected":false},"excerpt":{"rendered":"<p>|<a class=\"_58cn\" href=\"https:\/\/facebook.com\/hashtag\/d&#xed;adelbomberoecuatoriano?source=feed_text&#038;epa=HASHTAG&#038;__xts__%5B0%5D=68.ARBGdjGZQytZKr4oLjLep6IF1ikv93bnMHSWwLbAZgXs9OsAjW_mle3ENoecjodCwhUhC8kh4lHrextjOcH1hISZsauYlnhytGXlkjDy_6Ddh0meJabkWiAtgdw7GEWf8G1L2gY58iM3hriSZIbAiOF2GKVh7yXhh__8uDKmQmD6xzsmHHAQITYPwcpJfgNmTbbRYZh6Jk4JtyLWa2aPxcaev2lWmoCsxbXH0ipyLLAAIsw180M1ZcTh8A0dxZv5REKk5qQSqibZqmFnMEr7B4ZxCC4bYLPm2ApIbvrT2Sj-gWb0Iw-tGSxN4Zh1cQTNGN4-Zo7QNzIZ6GLGOYg1-r5-Tg&#038;__tn__=%2ANK-R\" data-ft=\"&#123;&quot;type&quot;:104,&quot;tn&quot;:&quot;*N&quot;&#125;\"><span class=\"_5afx\"><span aria-label=\"hashtag\" class=\"_58cl _5afz\">#D\u00edadelBomberoEcuatoriano<\/span><\/span><\/a>|<br \/> La ley de Defensa contra incendios dictada mediante Decreto No. 1303, del 18 de diciembre de 1974, establece el 10 de octubre como D\u00eda del Bombero Ecuatoriano.<br \/> Ser Bombero es integrar una familia hermanada por el anhelo de servir, unidos por la paz, arriesgando lo m\u00e1s valioso que poseen para ayudar al pr\u00f3jimo.<br \/> En estos momentos que m\u00e1s necesita nuestro pa\u00eds solicitamos a todos nuestros compatriotas nos ayuden permiti\u00e9ndonos realizar nuestro trabajo y servicio a la comunidad.<\/p>\n<p> <a class=\"_58cn\" href=\"https:\/\/facebook.com\/hashtag\/felizdiadelbombero?source=feed_text&#038;epa=HASHTAG&#038;__xts__%5B0%5D=68.ARBGdjGZQytZKr4oLjLep6IF1ikv93bnMHSWwLbAZgXs9OsAjW_mle3ENoecjodCwhUhC8kh4lHrextjOcH1hISZsauYlnhytGXlkjDy_6Ddh0meJabkWiAtgdw7GEWf8G1L2gY58iM3hriSZIbAiOF2GKVh7yXhh__8uDKmQmD6xzsmHHAQITYPwcpJfgNmTbbRYZh6Jk4JtyLWa2aPxcaev2lWmoCsxbXH0ipyLLAAIsw180M1ZcTh8A0dxZv5REKk5qQSqibZqmFnMEr7B4ZxCC4bYLPm2ApIbvrT2Sj-gWb0Iw-tGSxN4Zh1cQTNGN4-Zo7QNzIZ6GLGOYg1-r5-Tg&#038;__tn__=%2ANK-R\" data-ft=\"&#123;&quot;type&quot;:104,&quot;tn&quot;:&quot;*N&quot;&#125;\"><span class=\"_5afx\"><span aria-label=\"hashtag\" class=\"_58cl _5afz\">#FelizDiaDelBombero<\/span><\/span><\/a><\/p>\n<p><a href=\"https:\/\/scontent.fuio15-1.fna.fbcdn.net\/v\/t1.0-9\/72313133_1402150709940463_8141120907683823616_o.jpg?_nc_cat=106&#038;_nc_ohc=JXdKfiYMsNEAQng4F0nPupiWpmFn1-0HmqVTnU0VMpp0_mspyLyHJvcGg&#038;_nc_ht=scontent.fuio15-1.fna&#038;oh=af4fd2159689823d363022bbce3cf9a3&#038;oe=5E747470\"><img decoding=\"async\" class=\"wp_automatic_fb_img\" title=\"\" src=\"https:\/\/scontent.fuio15-1.fna.fbcdn.net\/v\/t1.0-9\/72313133_1402150709940463_8141120907683823616_o.jpg?_nc_cat=106&#038;_nc_ohc=JXdKfiYMsNEAQng4F0nPupiWpmFn1-0HmqVTnU0VMpp0_mspyLyHJvcGg&#038;_nc_ht=scontent.fuio15-1.fna&#038;oh=af4fd2159689823d363022bbce3cf9a3&#038;oe=5E747470\" \/><\/a><\/p>\n","protected":false},"author":1,"featured_media":1090,"comment_status":"open","ping_status":"open","sticky":false,"template":"","format":"standard","meta":[],"categories":[1],"tags":[308,307,302,310,305,309,306,194],"_links":{"self":[{"href":"https:\/\/bomberos.puyo.gob.ec\/2019\/wp-json\/wp\/v2\/posts\/1089"}],"collection":[{"href":"https:\/\/bomberos.puyo.gob.ec\/2019\/wp-json\/wp\/v2\/posts"}],"about":[{"href":"https:\/\/bomberos.puyo.gob.ec\/2019\/wp-json\/wp\/v2\/types\/post"}],"author":[{"embeddable":true,"href":"https:\/\/bomberos.puyo.gob.ec\/2019\/wp-json\/wp\/v2\/users\/1"}],"replies":[{"embeddable":true,"href":"https:\/\/bomberos.puyo.gob.ec\/2019\/wp-json\/wp\/v2\/comments?post=1089"}],"version-history":[{"count":1,"href":"https:\/\/bomberos.puyo.gob.ec\/2019\/wp-json\/wp\/v2\/posts\/1089\/revisions"}],"predecessor-version":[{"id":1091,"href":"https:\/\/bomberos.puyo.gob.ec\/2019\/wp-json\/wp\/v2\/posts\/1089\/revisions\/1091"}],"wp:featuredmedia":[{"embeddable":true,"href":"https:\/\/bomberos.puyo.gob.ec\/2019\/wp-json\/wp\/v2\/media\/1090"}],"wp:attachment":[{"href":"https:\/\/bomberos.puyo.gob.ec\/2019\/wp-json\/wp\/v2\/media?parent=1089"}],"wp:term":[{"taxonomy":"category","embeddable":true,"href":"https:\/\/bomberos.puyo.gob.ec\/2019\/wp-json\/wp\/v2\/categories?post=1089"},{"taxonomy":"post_tag","embeddable":true,"href":"https:\/\/bomberos.puyo.gob.ec\/2019\/wp-json\/wp\/v2\/tags?post=1089"}],"curies":[{"name":"wp","href":"https:\/\/api.w.org\/{rel}","templated":true}]}}