{"id":1078,"date":"2019-10-14T08:21:03","date_gmt":"2019-10-14T13:21:03","guid":{"rendered":"https:\/\/bomberos.puyo.gob.ec\/previa-coordinacion-con-gad-del-municipio-canton-pastaza-gad-municipal-de-pastaz\/"},"modified":"2019-12-22T13:32:09","modified_gmt":"2019-12-22T18:32:09","slug":"previa-coordinacion-con-gad-del-municipio-canton-pastaza-gad-municipal-de-pastaz","status":"publish","type":"post","link":"https:\/\/bomberos.puyo.gob.ec\/2019\/previa-coordinacion-con-gad-del-municipio-canton-pastaza-gad-municipal-de-pastaz\/","title":{"rendered":"Previa coordinaci\u00f3n con GAD del Municipio Cant\u00f3n Pastaza GAD Municipal de Pastaz&#8230;"},"content":{"rendered":"<p><span><\/p>\n<p>Previa coordinaci\u00f3n con GAD del Municipio Cant\u00f3n Pastaza GAD Municipal de Pastaza nuestra instituci\u00f3n activa las unidades de abastecimiento de agua para realizar el baldeo en los puntos donde se encontraban tapadas las v\u00edas de conexi\u00f3n con la provincia de Napo, Tungurahua y Morona Santiago producto del para nacional.<\/p>\n<p><\/span>\n<\/p>\n<p> <img decoding=\"async\" loading=\"lazy\" src=\"https:\/\/bomberos.puyo.gob.ec\/2019\/wp-content\/uploads\/Previa-coordinacion-con-GAD-del-Municipio-Canton-Pastaza-GAD-Municipal.com\/staging_resources\/MDExNzM3MjQzMTM2NDA4MjU4OjgxNjY5NDg5Nw==&#038;cfs=1&#038;jq=75&#038;ext=jpg&#038;_nc_hash=AQCcKXFHITsGTXzJ.jpeg\" width=\"320\" height=\"167\" class=\"r\"><br \/>\n<br \/><a href=\"https:\/\/www.facebook.com\/465093860312824\/posts\/1405851402903727\">en facebook&#8230; <\/a>  <\/p>\n","protected":false},"excerpt":{"rendered":"<p><span><\/p>\n<p>Previa coordinaci\u00f3n con GAD del Municipio Cant\u00f3n Pastaza GAD Municipal de Pastaza nuestra instituci\u00f3n activa las unidades de abastecimiento de agua para realizar el baldeo en los puntos donde se encontraban tapadas las v\u00edas de conexi\u00f3n con la provincia de Napo, Tungurahua y Morona Santiago producto del para nacional.<\/p>\n<p><\/span>\n<\/p>\n<p> <img decoding=\"async\" loading=\"lazy\" src=\"https:\/\/external.fuio15-1.fna.fbcdn.net\/safe_image.php?d=AQAktVG7Lb59byl_&#038;w=320&#038;h=167&#038;url=fbstaging%3A%2F%2Fgraph.facebook.com%2Fstaging_resources%2FMDExNzM3MjQzMTM2NDA4MjU4OjgxNjY5NDg5Nw%3D%3D&#038;cfs=1&#038;jq=75&#038;ext=jpg&#038;_nc_hash=AQCcKXFHITsGTXzJ\" width=\"320\" height=\"167\" class=\"r\"><\/p>\n","protected":false},"author":1,"featured_media":0,"comment_status":"open","ping_status":"open","sticky":false,"template":"","format":"standard","meta":[],"categories":[1],"tags":[141,42,82,32,296,138,297,298,74,290],"_links":{"self":[{"href":"https:\/\/bomberos.puyo.gob.ec\/2019\/wp-json\/wp\/v2\/posts\/1078"}],"collection":[{"href":"https:\/\/bomberos.puyo.gob.ec\/2019\/wp-json\/wp\/v2\/posts"}],"about":[{"href":"https:\/\/bomberos.puyo.gob.ec\/2019\/wp-json\/wp\/v2\/types\/post"}],"author":[{"embeddable":true,"href":"https:\/\/bomberos.puyo.gob.ec\/2019\/wp-json\/wp\/v2\/users\/1"}],"replies":[{"embeddable":true,"href":"https:\/\/bomberos.puyo.gob.ec\/2019\/wp-json\/wp\/v2\/comments?post=1078"}],"version-history":[{"count":1,"href":"https:\/\/bomberos.puyo.gob.ec\/2019\/wp-json\/wp\/v2\/posts\/1078\/revisions"}],"predecessor-version":[{"id":1079,"href":"https:\/\/bomberos.puyo.gob.ec\/2019\/wp-json\/wp\/v2\/posts\/1078\/revisions\/1079"}],"wp:attachment":[{"href":"https:\/\/bomberos.puyo.gob.ec\/2019\/wp-json\/wp\/v2\/media?parent=1078"}],"wp:term":[{"taxonomy":"category","embeddable":true,"href":"https:\/\/bomberos.puyo.gob.ec\/2019\/wp-json\/wp\/v2\/categories?post=1078"},{"taxonomy":"post_tag","embeddable":true,"href":"https:\/\/bomberos.puyo.gob.ec\/2019\/wp-json\/wp\/v2\/tags?post=1078"}],"curies":[{"name":"wp","href":"https:\/\/api.w.org\/{rel}","templated":true}]}}