{"id":1060,"date":"2019-10-18T10:03:06","date_gmt":"2019-10-18T15:03:06","guid":{"rendered":"https:\/\/bomberos.puyo.gob.ec\/ecu911-emergencia-atencionmedica-por-llamado-del-ecu-911-de-dirige-l\/"},"modified":"2019-12-22T04:08:27","modified_gmt":"2019-12-22T09:08:27","slug":"ecu911-emergencia-atencionmedica-por-llamado-del-ecu-911-de-dirige-l","status":"publish","type":"post","link":"https:\/\/bomberos.puyo.gob.ec\/2019\/ecu911-emergencia-atencionmedica-por-llamado-del-ecu-911-de-dirige-l\/","title":{"rendered":"| #ECU911 | #EMERGENCIA | #ATENCI\u00d3NMEDICA| \n Por llamado del ecu 911 de dirige l&#8230;"},"content":{"rendered":"<p>| <a class=\"_58cn\" href=\"https:\/\/facebook.com\/hashtag\/ecu911?source=feed_text&#038;epa=HASHTAG&#038;__xts__%5B0%5D=68.ARDpdWYj64UXT_KPelAeBJoQX7-8JqrrUUjuUbO-mtPT2TMes4_WiCf2oJaEPdB5824GDvy4JyOraeOmXrtm8NoOWcMA5b3LWz4qSJ7wnXbynd25GkjmV9PCGLWBArJV-ZHUESp3Gh8RngJRzGfFbSoVW4ToQkk7BDubcyn9_AK9Xe30mGFNf1ZQ2-qauQGWi-X4Nrt9yYc7KuVP7V0yoEA3CzkVgymXHueDYdjp4eibIzAvclrLRMo0yhuToxq4gxRrNh4JiKaWJqLb52Jx2HSZ-UWZwww8HcOZ6zGyuRp_7Xeo9-pqoUvdiaPbE4vr9Q4jmZ3BiC3lCA6JrcBLANiKJA&#038;__tn__=%2ANK-R\" data-ft=\"&#123;&quot;type&quot;:104,&quot;tn&quot;:&quot;*N&quot;&#125;\"><span class=\"_5afx\"><span aria-label=\"hashtag\" class=\"_58cl _5afz\">#ECU911<\/span><\/span><\/a> | <a class=\"_58cn\" href=\"https:\/\/facebook.com\/hashtag\/emergencia?source=feed_text&#038;epa=HASHTAG&#038;__xts__%5B0%5D=68.ARDpdWYj64UXT_KPelAeBJoQX7-8JqrrUUjuUbO-mtPT2TMes4_WiCf2oJaEPdB5824GDvy4JyOraeOmXrtm8NoOWcMA5b3LWz4qSJ7wnXbynd25GkjmV9PCGLWBArJV-ZHUESp3Gh8RngJRzGfFbSoVW4ToQkk7BDubcyn9_AK9Xe30mGFNf1ZQ2-qauQGWi-X4Nrt9yYc7KuVP7V0yoEA3CzkVgymXHueDYdjp4eibIzAvclrLRMo0yhuToxq4gxRrNh4JiKaWJqLb52Jx2HSZ-UWZwww8HcOZ6zGyuRp_7Xeo9-pqoUvdiaPbE4vr9Q4jmZ3BiC3lCA6JrcBLANiKJA&#038;__tn__=%2ANK-R\" data-ft=\"&#123;&quot;type&quot;:104,&quot;tn&quot;:&quot;*N&quot;&#125;\"><span class=\"_5afx\"><span aria-label=\"hashtag\" class=\"_58cl _5afz\">#EMERGENCIA<\/span><\/span><\/a> | <a class=\"_58cn\" href=\"https:\/\/facebook.com\/hashtag\/atenci&#xf3;nmedica?source=feed_text&#038;epa=HASHTAG&#038;__xts__%5B0%5D=68.ARDpdWYj64UXT_KPelAeBJoQX7-8JqrrUUjuUbO-mtPT2TMes4_WiCf2oJaEPdB5824GDvy4JyOraeOmXrtm8NoOWcMA5b3LWz4qSJ7wnXbynd25GkjmV9PCGLWBArJV-ZHUESp3Gh8RngJRzGfFbSoVW4ToQkk7BDubcyn9_AK9Xe30mGFNf1ZQ2-qauQGWi-X4Nrt9yYc7KuVP7V0yoEA3CzkVgymXHueDYdjp4eibIzAvclrLRMo0yhuToxq4gxRrNh4JiKaWJqLb52Jx2HSZ-UWZwww8HcOZ6zGyuRp_7Xeo9-pqoUvdiaPbE4vr9Q4jmZ3BiC3lCA6JrcBLANiKJA&#038;__tn__=%2ANK-R\" data-ft=\"&#123;&quot;type&quot;:104,&quot;tn&quot;:&quot;*N&quot;&#125;\"><span class=\"_5afx\"><span aria-label=\"hashtag\" class=\"_58cl _5afz\">#ATENCI\u00d3NMEDICA<\/span><\/span><\/a>| <br \/> Por llamado del ecu 911 de dirige la Unidad A4 a una emergencia m\u00e9dica cerca del Colegio Veracruz llegando al punto siendo las 13:46 se atiende al paciente de 30 a\u00f1os de edad mismo que presenta una posible fractura en miembro inferior derecho es trasladado al Hospital del Puyo m\u00e9dico que recibe Doctor \u00c1ngel Calle posterior la unidad retorna a base sin novedad<\/p>\n<p><a href=\"https:\/\/bomberos.puyo.gob.ec\/2019\/wp-content\/uploads\/ECU911-EMERGENCIA-ATENCIONMEDICA-Por-llamado-del-ecu.fna&#038;oh=74ffd542e60fb110f9be7431db0a64b7&#038;oe=5E745682.jpeg\"><img decoding=\"async\" class=\"wp_automatic_fb_img\" title=\"\" src=\"https:\/\/bomberos.puyo.gob.ec\/2019\/wp-content\/uploads\/ECU911-EMERGENCIA-ATENCIONMEDICA-Por-llamado-del-ecu.fna&#038;oh=74ffd542e60fb110f9be7431db0a64b7&#038;oe=5E745682.jpeg\" \/><\/a><br \/>\n<br \/><a href=\"https:\/\/www.facebook.com\/465093860312824\/posts\/1409776139177920\">en facebook&#8230; <\/a>  <\/p>\n","protected":false},"excerpt":{"rendered":"<p>| <a class=\"_58cn\" href=\"https:\/\/facebook.com\/hashtag\/ecu911?source=feed_text&#038;epa=HASHTAG&#038;__xts__%5B0%5D=68.ARDpdWYj64UXT_KPelAeBJoQX7-8JqrrUUjuUbO-mtPT2TMes4_WiCf2oJaEPdB5824GDvy4JyOraeOmXrtm8NoOWcMA5b3LWz4qSJ7wnXbynd25GkjmV9PCGLWBArJV-ZHUESp3Gh8RngJRzGfFbSoVW4ToQkk7BDubcyn9_AK9Xe30mGFNf1ZQ2-qauQGWi-X4Nrt9yYc7KuVP7V0yoEA3CzkVgymXHueDYdjp4eibIzAvclrLRMo0yhuToxq4gxRrNh4JiKaWJqLb52Jx2HSZ-UWZwww8HcOZ6zGyuRp_7Xeo9-pqoUvdiaPbE4vr9Q4jmZ3BiC3lCA6JrcBLANiKJA&#038;__tn__=%2ANK-R\" data-ft=\"&#123;&quot;type&quot;:104,&quot;tn&quot;:&quot;*N&quot;&#125;\"><span class=\"_5afx\"><span aria-label=\"hashtag\" class=\"_58cl _5afz\">#ECU911<\/span><\/span><\/a> | <a class=\"_58cn\" href=\"https:\/\/facebook.com\/hashtag\/emergencia?source=feed_text&#038;epa=HASHTAG&#038;__xts__%5B0%5D=68.ARDpdWYj64UXT_KPelAeBJoQX7-8JqrrUUjuUbO-mtPT2TMes4_WiCf2oJaEPdB5824GDvy4JyOraeOmXrtm8NoOWcMA5b3LWz4qSJ7wnXbynd25GkjmV9PCGLWBArJV-ZHUESp3Gh8RngJRzGfFbSoVW4ToQkk7BDubcyn9_AK9Xe30mGFNf1ZQ2-qauQGWi-X4Nrt9yYc7KuVP7V0yoEA3CzkVgymXHueDYdjp4eibIzAvclrLRMo0yhuToxq4gxRrNh4JiKaWJqLb52Jx2HSZ-UWZwww8HcOZ6zGyuRp_7Xeo9-pqoUvdiaPbE4vr9Q4jmZ3BiC3lCA6JrcBLANiKJA&#038;__tn__=%2ANK-R\" data-ft=\"&#123;&quot;type&quot;:104,&quot;tn&quot;:&quot;*N&quot;&#125;\"><span class=\"_5afx\"><span aria-label=\"hashtag\" class=\"_58cl _5afz\">#EMERGENCIA<\/span><\/span><\/a> | <a class=\"_58cn\" href=\"https:\/\/facebook.com\/hashtag\/atenci&#xf3;nmedica?source=feed_text&#038;epa=HASHTAG&#038;__xts__%5B0%5D=68.ARDpdWYj64UXT_KPelAeBJoQX7-8JqrrUUjuUbO-mtPT2TMes4_WiCf2oJaEPdB5824GDvy4JyOraeOmXrtm8NoOWcMA5b3LWz4qSJ7wnXbynd25GkjmV9PCGLWBArJV-ZHUESp3Gh8RngJRzGfFbSoVW4ToQkk7BDubcyn9_AK9Xe30mGFNf1ZQ2-qauQGWi-X4Nrt9yYc7KuVP7V0yoEA3CzkVgymXHueDYdjp4eibIzAvclrLRMo0yhuToxq4gxRrNh4JiKaWJqLb52Jx2HSZ-UWZwww8HcOZ6zGyuRp_7Xeo9-pqoUvdiaPbE4vr9Q4jmZ3BiC3lCA6JrcBLANiKJA&#038;__tn__=%2ANK-R\" data-ft=\"&#123;&quot;type&quot;:104,&quot;tn&quot;:&quot;*N&quot;&#125;\"><span class=\"_5afx\"><span aria-label=\"hashtag\" class=\"_58cl _5afz\">#ATENCI\u00d3NMEDICA<\/span><\/span><\/a>| <br \/> Por llamado del ecu 911 de dirige la Unidad A4 a una emergencia m\u00e9dica cerca del Colegio Veracruz llegando al punto siendo las 13:46 se atiende al paciente de 30 a\u00f1os de edad mismo que presenta una posible fractura en miembro inferior derecho es trasladado al Hospital del Puyo m\u00e9dico que recibe Doctor \u00c1ngel Calle posterior la unidad retorna a base sin novedad<\/p>\n<p><a href=\"https:\/\/scontent.fuio15-1.fna.fbcdn.net\/v\/t1.0-9\/72427988_1409775365844664_7360136316710813696_o.jpg?_nc_cat=102&#038;_nc_ohc=MhN0HA06AV0AQlq7PC4N_MGUQA9EUhtkJjFj0pbmrLo1s_JaQxr91WwGg&#038;_nc_ht=scontent.fuio15-1.fna&#038;oh=74ffd542e60fb110f9be7431db0a64b7&#038;oe=5E745682\"><img decoding=\"async\" class=\"wp_automatic_fb_img\" title=\"\" src=\"https:\/\/scontent.fuio15-1.fna.fbcdn.net\/v\/t1.0-9\/72427988_1409775365844664_7360136316710813696_o.jpg?_nc_cat=102&#038;_nc_ohc=MhN0HA06AV0AQlq7PC4N_MGUQA9EUhtkJjFj0pbmrLo1s_JaQxr91WwGg&#038;_nc_ht=scontent.fuio15-1.fna&#038;oh=74ffd542e60fb110f9be7431db0a64b7&#038;oe=5E745682\" \/><\/a><\/p>\n","protected":false},"author":1,"featured_media":1061,"comment_status":"open","ping_status":"open","sticky":false,"template":"","format":"standard","meta":[],"categories":[1],"tags":[211,32,86,33,69,182,31,30],"_links":{"self":[{"href":"https:\/\/bomberos.puyo.gob.ec\/2019\/wp-json\/wp\/v2\/posts\/1060"}],"collection":[{"href":"https:\/\/bomberos.puyo.gob.ec\/2019\/wp-json\/wp\/v2\/posts"}],"about":[{"href":"https:\/\/bomberos.puyo.gob.ec\/2019\/wp-json\/wp\/v2\/types\/post"}],"author":[{"embeddable":true,"href":"https:\/\/bomberos.puyo.gob.ec\/2019\/wp-json\/wp\/v2\/users\/1"}],"replies":[{"embeddable":true,"href":"https:\/\/bomberos.puyo.gob.ec\/2019\/wp-json\/wp\/v2\/comments?post=1060"}],"version-history":[{"count":1,"href":"https:\/\/bomberos.puyo.gob.ec\/2019\/wp-json\/wp\/v2\/posts\/1060\/revisions"}],"predecessor-version":[{"id":1062,"href":"https:\/\/bomberos.puyo.gob.ec\/2019\/wp-json\/wp\/v2\/posts\/1060\/revisions\/1062"}],"wp:featuredmedia":[{"embeddable":true,"href":"https:\/\/bomberos.puyo.gob.ec\/2019\/wp-json\/wp\/v2\/media\/1061"}],"wp:attachment":[{"href":"https:\/\/bomberos.puyo.gob.ec\/2019\/wp-json\/wp\/v2\/media?parent=1060"}],"wp:term":[{"taxonomy":"category","embeddable":true,"href":"https:\/\/bomberos.puyo.gob.ec\/2019\/wp-json\/wp\/v2\/categories?post=1060"},{"taxonomy":"post_tag","embeddable":true,"href":"https:\/\/bomberos.puyo.gob.ec\/2019\/wp-json\/wp\/v2\/tags?post=1060"}],"curies":[{"name":"wp","href":"https:\/\/api.w.org\/{rel}","templated":true}]}}