{"id":1054,"date":"2019-10-19T09:17:48","date_gmt":"2019-10-19T14:17:48","guid":{"rendered":"https:\/\/bomberos.puyo.gob.ec\/ecu911-emergencia-por-llamado-del-ecu-911-a-las-1317-la-unidad-a4-se\/"},"modified":"2019-12-22T01:00:03","modified_gmt":"2019-12-22T06:00:03","slug":"ecu911-emergencia-por-llamado-del-ecu-911-a-las-1317-la-unidad-a4-se","status":"publish","type":"post","link":"https:\/\/bomberos.puyo.gob.ec\/2019\/ecu911-emergencia-por-llamado-del-ecu-911-a-las-1317-la-unidad-a4-se\/","title":{"rendered":"| #ECU911 | #EMERGENCIA | \n Por llamado del ecu-911 a las 13:17 la unidad A4 se &#8230;"},"content":{"rendered":"<p>| <a class=\"_58cn\" href=\"https:\/\/facebook.com\/hashtag\/ecu911?source=feed_text&#038;epa=HASHTAG&#038;__xts__%5B0%5D=68.ARAluJXDwtDRVFFE0SogRjwEexenIg7T0ovyZO59x-8MUUuvkVHVkSXCwSoe2i6YF4C9zAFoqBju8Ml00XgJ0eQPLKLVbQy3yqdDnFL88NpNhxu6injVeF38yn3U26ouoXcHYGmFipb-AbliaeEQg0xzHwY5ZRjdH8xWqRmXG6xGfnuRqZ1iMbAzJVVQvofPwMKgzDxlbRYEcDQte8_mql4b2QhET6V4Law_NyvsHwpvaJBNn7AybVwBGGBYU9YkK3LDKFCbKu_mRLM2EvThMiVL-Han8vS9PWI3H07XXYvrTZVUkgwtd0MjEVUi1xnw6GKay9ktkbr5HIl4N3_wFbEq5g&#038;__tn__=%2ANK-R\" data-ft=\"&#123;&quot;type&quot;:104,&quot;tn&quot;:&quot;*N&quot;&#125;\"><span class=\"_5afx\"><span aria-label=\"hashtag\" class=\"_58cl _5afz\">#ECU911<\/span><\/span><\/a> | <a class=\"_58cn\" href=\"https:\/\/facebook.com\/hashtag\/emergencia?source=feed_text&#038;epa=HASHTAG&#038;__xts__%5B0%5D=68.ARAluJXDwtDRVFFE0SogRjwEexenIg7T0ovyZO59x-8MUUuvkVHVkSXCwSoe2i6YF4C9zAFoqBju8Ml00XgJ0eQPLKLVbQy3yqdDnFL88NpNhxu6injVeF38yn3U26ouoXcHYGmFipb-AbliaeEQg0xzHwY5ZRjdH8xWqRmXG6xGfnuRqZ1iMbAzJVVQvofPwMKgzDxlbRYEcDQte8_mql4b2QhET6V4Law_NyvsHwpvaJBNn7AybVwBGGBYU9YkK3LDKFCbKu_mRLM2EvThMiVL-Han8vS9PWI3H07XXYvrTZVUkgwtd0MjEVUi1xnw6GKay9ktkbr5HIl4N3_wFbEq5g&#038;__tn__=%2ANK-R\" data-ft=\"&#123;&quot;type&quot;:104,&quot;tn&quot;:&quot;*N&quot;&#125;\"><span class=\"_5afx\"><span aria-label=\"hashtag\" class=\"_58cl _5afz\">#EMERGENCIA<\/span><\/span><\/a> | <br \/> Por llamado del ecu-911 a las 13:17 la unidad A4 se dirige al sector del dique de los mec\u00e1nicos km 6 v\u00eda a la parroquia 10 de Agosto, para ayudar a la unidad alfa 24 del MSP con la extracci\u00f3n de una persona de 58 a\u00f1os de edad mismo que se encuentra a unos 2 km aproximadamente en la selva con un trauma de pelvis, paciente queda a cargo de la Lic. Gabriela S\u00e1nchez  param\u00e9dica de la unidad Alfa #24 del MSP posterior la unidad retorna a la estaci\u00f3n X1<\/p>\n<p><a href=\"https:\/\/bomberos.puyo.gob.ec\/2019\/wp-content\/uploads\/ECU911-EMERGENCIA-Por-llamado-del-ecu-911-a.fna&#038;oh=80356dcbb9c598096c12977de3a5d9d1&#038;oe=5E7562F4.jpeg\"><img decoding=\"async\" class=\"wp_automatic_fb_img\" title=\"\" src=\"https:\/\/bomberos.puyo.gob.ec\/2019\/wp-content\/uploads\/ECU911-EMERGENCIA-Por-llamado-del-ecu-911-a.fna&#038;oh=80356dcbb9c598096c12977de3a5d9d1&#038;oe=5E7562F4.jpeg\" \/><\/a><br \/><a href=\"https:\/\/bomberos.puyo.gob.ec\/2019\/wp-content\/uploads\/ECU911-EMERGENCIA-Por-llamado-del-ecu-911-a.fna&#038;oh=8e88efea315b690ad4ca5f036554ddcf&#038;oe=5EAE6DDC.jpeg\"><img decoding=\"async\" class=\"wp_automatic_fb_img\" title=\"\" src=\"https:\/\/bomberos.puyo.gob.ec\/2019\/wp-content\/uploads\/ECU911-EMERGENCIA-Por-llamado-del-ecu-911-a.fna&#038;oh=8e88efea315b690ad4ca5f036554ddcf&#038;oe=5EAE6DDC.jpeg\" \/><\/a><br \/><a href=\"https:\/\/bomberos.puyo.gob.ec\/2019\/wp-content\/uploads\/ECU911-EMERGENCIA-Por-llamado-del-ecu-911-a.fna&#038;oh=a0efb93da0b1f0c82877fb62369880ba&#038;oe=5E6924B7.jpeg\"><img decoding=\"async\" class=\"wp_automatic_fb_img\" title=\"\" src=\"https:\/\/bomberos.puyo.gob.ec\/2019\/wp-content\/uploads\/ECU911-EMERGENCIA-Por-llamado-del-ecu-911-a.fna&#038;oh=a0efb93da0b1f0c82877fb62369880ba&#038;oe=5E6924B7.jpeg\" \/><\/a><br \/>\n<br \/><a href=\"https:\/\/www.facebook.com\/465093860312824\/posts\/1410787809076753\">en facebook&#8230; <\/a>  <\/p>\n","protected":false},"excerpt":{"rendered":"<p>| <a class=\"_58cn\" href=\"https:\/\/facebook.com\/hashtag\/ecu911?source=feed_text&#038;epa=HASHTAG&#038;__xts__%5B0%5D=68.ARAluJXDwtDRVFFE0SogRjwEexenIg7T0ovyZO59x-8MUUuvkVHVkSXCwSoe2i6YF4C9zAFoqBju8Ml00XgJ0eQPLKLVbQy3yqdDnFL88NpNhxu6injVeF38yn3U26ouoXcHYGmFipb-AbliaeEQg0xzHwY5ZRjdH8xWqRmXG6xGfnuRqZ1iMbAzJVVQvofPwMKgzDxlbRYEcDQte8_mql4b2QhET6V4Law_NyvsHwpvaJBNn7AybVwBGGBYU9YkK3LDKFCbKu_mRLM2EvThMiVL-Han8vS9PWI3H07XXYvrTZVUkgwtd0MjEVUi1xnw6GKay9ktkbr5HIl4N3_wFbEq5g&#038;__tn__=%2ANK-R\" data-ft=\"&#123;&quot;type&quot;:104,&quot;tn&quot;:&quot;*N&quot;&#125;\"><span class=\"_5afx\"><span aria-label=\"hashtag\" class=\"_58cl _5afz\">#ECU911<\/span><\/span><\/a> | <a class=\"_58cn\" href=\"https:\/\/facebook.com\/hashtag\/emergencia?source=feed_text&#038;epa=HASHTAG&#038;__xts__%5B0%5D=68.ARAluJXDwtDRVFFE0SogRjwEexenIg7T0ovyZO59x-8MUUuvkVHVkSXCwSoe2i6YF4C9zAFoqBju8Ml00XgJ0eQPLKLVbQy3yqdDnFL88NpNhxu6injVeF38yn3U26ouoXcHYGmFipb-AbliaeEQg0xzHwY5ZRjdH8xWqRmXG6xGfnuRqZ1iMbAzJVVQvofPwMKgzDxlbRYEcDQte8_mql4b2QhET6V4Law_NyvsHwpvaJBNn7AybVwBGGBYU9YkK3LDKFCbKu_mRLM2EvThMiVL-Han8vS9PWI3H07XXYvrTZVUkgwtd0MjEVUi1xnw6GKay9ktkbr5HIl4N3_wFbEq5g&#038;__tn__=%2ANK-R\" data-ft=\"&#123;&quot;type&quot;:104,&quot;tn&quot;:&quot;*N&quot;&#125;\"><span class=\"_5afx\"><span aria-label=\"hashtag\" class=\"_58cl _5afz\">#EMERGENCIA<\/span><\/span><\/a> | <br \/> Por llamado del ecu-911 a las 13:17 la unidad A4 se dirige al sector del dique de los mec\u00e1nicos km 6 v\u00eda a la parroquia 10 de Agosto, para ayudar a la unidad alfa 24 del MSP con la extracci\u00f3n de una persona de 58 a\u00f1os de edad mismo que se encuentra a unos 2 km aproximadamente en la selva con un trauma de pelvis, paciente queda a cargo de la Lic. Gabriela S\u00e1nchez  param\u00e9dica de la unidad Alfa #24 del MSP posterior la unidad retorna a la estaci\u00f3n X1<\/p>\n<p><a href=\"https:\/\/scontent.fuio15-1.fna.fbcdn.net\/v\/t1.0-9\/72990983_1410787762410091_7402805416637235200_o.jpg?_nc_cat=100&#038;_nc_ohc=kLBTNV_e0scAQlmOGu96xF1yK8leBUtWg7fD26wKKFrd4tKGHnIGWiXng&#038;_nc_ht=scontent.fuio15-1.fna&#038;oh=80356dcbb9c598096c12977de3a5d9d1&#038;oe=5E7562F4\"><img decoding=\"async\" class=\"wp_automatic_fb_img\" title=\"\" src=\"https:\/\/scontent.fuio15-1.fna.fbcdn.net\/v\/t1.0-9\/72990983_1410787762410091_7402805416637235200_o.jpg?_nc_cat=100&#038;_nc_ohc=kLBTNV_e0scAQlmOGu96xF1yK8leBUtWg7fD26wKKFrd4tKGHnIGWiXng&#038;_nc_ht=scontent.fuio15-1.fna&#038;oh=80356dcbb9c598096c12977de3a5d9d1&#038;oe=5E7562F4\" \/><\/a><br \/><a href=\"https:\/\/scontent.fuio15-1.fna.fbcdn.net\/v\/t1.0-9\/74226564_1410787755743425_5296915322853392384_o.jpg?_nc_cat=111&#038;_nc_ohc=8FNUF_46Hz4AQnGP0l8K_TTF2Hgkf5O5yBj3XtHyiBMXfa15dHYrLT7Mw&#038;_nc_ht=scontent.fuio15-1.fna&#038;oh=8e88efea315b690ad4ca5f036554ddcf&#038;oe=5EAE6DDC\"><img decoding=\"async\" class=\"wp_automatic_fb_img\" title=\"\" src=\"https:\/\/scontent.fuio15-1.fna.fbcdn.net\/v\/t1.0-9\/74226564_1410787755743425_5296915322853392384_o.jpg?_nc_cat=111&#038;_nc_ohc=8FNUF_46Hz4AQnGP0l8K_TTF2Hgkf5O5yBj3XtHyiBMXfa15dHYrLT7Mw&#038;_nc_ht=scontent.fuio15-1.fna&#038;oh=8e88efea315b690ad4ca5f036554ddcf&#038;oe=5EAE6DDC\" \/><\/a><br \/><a href=\"https:\/\/scontent.fuio15-1.fna.fbcdn.net\/v\/t1.0-9\/73321841_1410787749076759_2912316426045882368_o.jpg?_nc_cat=103&#038;_nc_ohc=drgr9MtcTioAQnZm8DgDLPPcTJvtdFPsbfRpKGV2T9KpC4hZmS4kwhfxw&#038;_nc_ht=scontent.fuio15-1.fna&#038;oh=a0efb93da0b1f0c82877fb62369880ba&#038;oe=5E6924B7\"><img decoding=\"async\" class=\"wp_automatic_fb_img\" title=\"\" src=\"https:\/\/scontent.fuio15-1.fna.fbcdn.net\/v\/t1.0-9\/73321841_1410787749076759_2912316426045882368_o.jpg?_nc_cat=103&#038;_nc_ohc=drgr9MtcTioAQnZm8DgDLPPcTJvtdFPsbfRpKGV2T9KpC4hZmS4kwhfxw&#038;_nc_ht=scontent.fuio15-1.fna&#038;oh=a0efb93da0b1f0c82877fb62369880ba&#038;oe=5E6924B7\" \/><\/a><\/p>\n","protected":false},"author":1,"featured_media":1055,"comment_status":"open","ping_status":"open","sticky":false,"template":"","format":"standard","meta":[],"categories":[1],"tags":[32,69,182,22,31,30,41],"_links":{"self":[{"href":"https:\/\/bomberos.puyo.gob.ec\/2019\/wp-json\/wp\/v2\/posts\/1054"}],"collection":[{"href":"https:\/\/bomberos.puyo.gob.ec\/2019\/wp-json\/wp\/v2\/posts"}],"about":[{"href":"https:\/\/bomberos.puyo.gob.ec\/2019\/wp-json\/wp\/v2\/types\/post"}],"author":[{"embeddable":true,"href":"https:\/\/bomberos.puyo.gob.ec\/2019\/wp-json\/wp\/v2\/users\/1"}],"replies":[{"embeddable":true,"href":"https:\/\/bomberos.puyo.gob.ec\/2019\/wp-json\/wp\/v2\/comments?post=1054"}],"version-history":[{"count":1,"href":"https:\/\/bomberos.puyo.gob.ec\/2019\/wp-json\/wp\/v2\/posts\/1054\/revisions"}],"predecessor-version":[{"id":1056,"href":"https:\/\/bomberos.puyo.gob.ec\/2019\/wp-json\/wp\/v2\/posts\/1054\/revisions\/1056"}],"wp:featuredmedia":[{"embeddable":true,"href":"https:\/\/bomberos.puyo.gob.ec\/2019\/wp-json\/wp\/v2\/media\/1055"}],"wp:attachment":[{"href":"https:\/\/bomberos.puyo.gob.ec\/2019\/wp-json\/wp\/v2\/media?parent=1054"}],"wp:term":[{"taxonomy":"category","embeddable":true,"href":"https:\/\/bomberos.puyo.gob.ec\/2019\/wp-json\/wp\/v2\/categories?post=1054"},{"taxonomy":"post_tag","embeddable":true,"href":"https:\/\/bomberos.puyo.gob.ec\/2019\/wp-json\/wp\/v2\/tags?post=1054"}],"curies":[{"name":"wp","href":"https:\/\/api.w.org\/{rel}","templated":true}]}}