{"id":1048,"date":"2019-10-20T10:44:44","date_gmt":"2019-10-20T15:44:44","guid":{"rendered":"https:\/\/bomberos.puyo.gob.ec\/emergencia-rescate-inundaciones-puyo\/"},"modified":"2019-12-21T22:54:14","modified_gmt":"2019-12-22T03:54:14","slug":"emergencia-rescate-inundaciones-puyo","status":"publish","type":"post","link":"https:\/\/bomberos.puyo.gob.ec\/2019\/emergencia-rescate-inundaciones-puyo\/","title":{"rendered":"| #EMERGENCIA | #RESCATE | #INUNDACIONES | #PUYO |"},"content":{"rendered":"<p><img decoding=\"async\"  title=\" | #EMERGENCIA | #RESCATE | #INUNDACIONES | #PUYO |\" src=\"https:\/\/bomberos.puyo.gob.ec\/2019\/wp-content\/uploads\/EMERGENCIA-RESCATE-INUNDACIONES-PUYO.fna&#038;oh=002d9a39bd39c45c4e3eadf0bb825fdc&#038;oe=5E6E0A68.jpeg\" \/><\/a><\/p>\n<p><span><\/p>\n<p>| <a>#EMERGENCIA<\/a> | <a>#RESCATE<\/a> | <a>#INUNDACIONES<\/a> | <a>#PUYO<\/a> |<br \/> Personal del Cuerpo de Bomberos Municipal del Cant\u00f3n Pastaza realiza el rescate y evacuaci\u00f3n de personas afectadas por el desbordamiento del r\u00edo Puyo en el sector la Isla, a causa de las fuertes lluvias.<\/p>\n<p><\/span>\n<\/p>\n<p> [fb_vid  mute=1  autoplay= \u00abtrue\u00bb  id=\u00bbphoto_id\u00bb:\u00bb402806627285877&#8243;\u00bb][fb_vid  mute=1  autoplay= \u00abtrue\u00bb  id=\u00bb402806627285877&#8243;]\n<br \/><a href=\"https:\/\/www.facebook.com\/465093860312824\/posts\/1411928035629397\">en facebook&#8230; <\/a>  <\/p>\n","protected":false},"excerpt":{"rendered":"<p><img decoding=\"async\"  title=\" | #EMERGENCIA | #RESCATE | #INUNDACIONES | #PUYO |\" src=\"https:\/\/scontent.fuio15-1.fna.fbcdn.net\/v\/t15.5256-10\/70434720_402812430618630_7090558017157988352_n.jpg?_nc_cat=111&#038;_nc_ohc=GjdvHK9PqoAAQkdL5Zb5OwxtH6aCHYlWj0J9ZlpRlwdw2Qmd2JcE66PZw&#038;_nc_ht=scontent.fuio15-1.fna&#038;oh=002d9a39bd39c45c4e3eadf0bb825fdc&#038;oe=5E6E0A68\" \/><\/a><\/p>\n<p><span><\/p>\n<p>| <a>#EMERGENCIA<\/a> | <a>#RESCATE<\/a> | <a>#INUNDACIONES<\/a> | <a>#PUYO<\/a> |<br \/> Personal del Cuerpo de Bomberos Municipal del Cant\u00f3n Pastaza realiza el rescate y evacuaci\u00f3n de personas afectadas por el desbordamiento del r\u00edo Puyo en el sector la Isla, a causa de las fuertes lluvias.<\/p>\n<p><\/span>\n<\/p>\n<p> [fb_vid  mute=1  autoplay= \u00abtrue\u00bb  id=\u00bbphoto_id\u00bb:\u00bb402806627285877&#8243;\u00bb][fb_vid  mute=1  autoplay= \u00abtrue\u00bb  id=\u00bb402806627285877&#8243;]<\/p>\n","protected":false},"author":1,"featured_media":1049,"comment_status":"open","ping_status":"open","sticky":false,"template":"","format":"standard","meta":[],"categories":[1],"tags":[182,273,283,183],"_links":{"self":[{"href":"https:\/\/bomberos.puyo.gob.ec\/2019\/wp-json\/wp\/v2\/posts\/1048"}],"collection":[{"href":"https:\/\/bomberos.puyo.gob.ec\/2019\/wp-json\/wp\/v2\/posts"}],"about":[{"href":"https:\/\/bomberos.puyo.gob.ec\/2019\/wp-json\/wp\/v2\/types\/post"}],"author":[{"embeddable":true,"href":"https:\/\/bomberos.puyo.gob.ec\/2019\/wp-json\/wp\/v2\/users\/1"}],"replies":[{"embeddable":true,"href":"https:\/\/bomberos.puyo.gob.ec\/2019\/wp-json\/wp\/v2\/comments?post=1048"}],"version-history":[{"count":1,"href":"https:\/\/bomberos.puyo.gob.ec\/2019\/wp-json\/wp\/v2\/posts\/1048\/revisions"}],"predecessor-version":[{"id":1050,"href":"https:\/\/bomberos.puyo.gob.ec\/2019\/wp-json\/wp\/v2\/posts\/1048\/revisions\/1050"}],"wp:featuredmedia":[{"embeddable":true,"href":"https:\/\/bomberos.puyo.gob.ec\/2019\/wp-json\/wp\/v2\/media\/1049"}],"wp:attachment":[{"href":"https:\/\/bomberos.puyo.gob.ec\/2019\/wp-json\/wp\/v2\/media?parent=1048"}],"wp:term":[{"taxonomy":"category","embeddable":true,"href":"https:\/\/bomberos.puyo.gob.ec\/2019\/wp-json\/wp\/v2\/categories?post=1048"},{"taxonomy":"post_tag","embeddable":true,"href":"https:\/\/bomberos.puyo.gob.ec\/2019\/wp-json\/wp\/v2\/tags?post=1048"}],"curies":[{"name":"wp","href":"https:\/\/api.w.org\/{rel}","templated":true}]}}