{"id":1039,"date":"2019-10-21T14:31:58","date_gmt":"2019-10-21T19:31:58","guid":{"rendered":"https:\/\/bomberos.puyo.gob.ec\/atencionmedica-comunidad-por-peticion-de-moradores-del-sector-del-barri\/"},"modified":"2019-12-21T18:28:24","modified_gmt":"2019-12-21T23:28:24","slug":"atencionmedica-comunidad-por-peticion-de-moradores-del-sector-del-barri","status":"publish","type":"post","link":"https:\/\/bomberos.puyo.gob.ec\/2019\/atencionmedica-comunidad-por-peticion-de-moradores-del-sector-del-barri\/","title":{"rendered":"| #ATENCI\u00d3NM\u00c9DICA | #COMUNIDAD |\n Por petici\u00f3n de moradores del sector del barri&#8230;"},"content":{"rendered":"<p>| <a class=\"_58cn\" href=\"https:\/\/facebook.com\/hashtag\/atenci&#xf3;nm&#xe9;dica?source=feed_text&#038;epa=HASHTAG&#038;__xts__%5B0%5D=68.ARCJipAcQrZS_Fg771bO34GAhWKf1b9K3_UyH1dhiyjhK5gA5byCdfMQUfJ7al0ONi003M_aBvVLLPdNBUzXK2t6v66lcOFIpo2QfR9BS5nzR3dRMAnKPr_WaP-Mtu22Y0CSnFXvSItgtDg1-aEYHWt6Qg1GuJBHw1KwwSjPXPZz2c5IJA2dXJwl8mApIiFRwRz279UL0lycLyn5U1-iEeMFCmZyH5agywEsKdMELsOsiwYDDx5yqsfVyflBG0Up5Yx7PExqtE_c9H8rWhR3oFD0vLu1QIqgoQwLbMdGP1t1_kh626OrxI2zojKMN2FTLppDxN6UfnfhmQtRAuMVT_VFuQ&#038;__tn__=%2ANK-R\" data-ft=\"&#123;&quot;type&quot;:104,&quot;tn&quot;:&quot;*N&quot;&#125;\"><span class=\"_5afx\"><span aria-label=\"hashtag\" class=\"_58cl _5afz\">#ATENCI\u00d3NM\u00c9DICA<\/span><\/span><\/a> | <a class=\"_58cn\" href=\"https:\/\/facebook.com\/hashtag\/comunidad?source=feed_text&#038;epa=HASHTAG&#038;__xts__%5B0%5D=68.ARCJipAcQrZS_Fg771bO34GAhWKf1b9K3_UyH1dhiyjhK5gA5byCdfMQUfJ7al0ONi003M_aBvVLLPdNBUzXK2t6v66lcOFIpo2QfR9BS5nzR3dRMAnKPr_WaP-Mtu22Y0CSnFXvSItgtDg1-aEYHWt6Qg1GuJBHw1KwwSjPXPZz2c5IJA2dXJwl8mApIiFRwRz279UL0lycLyn5U1-iEeMFCmZyH5agywEsKdMELsOsiwYDDx5yqsfVyflBG0Up5Yx7PExqtE_c9H8rWhR3oFD0vLu1QIqgoQwLbMdGP1t1_kh626OrxI2zojKMN2FTLppDxN6UfnfhmQtRAuMVT_VFuQ&#038;__tn__=%2ANK-R\" data-ft=\"&#123;&quot;type&quot;:104,&quot;tn&quot;:&quot;*N&quot;&#125;\"><span class=\"_5afx\"><span aria-label=\"hashtag\" class=\"_58cl _5afz\">#COMUNIDAD<\/span><\/span><\/a> |<br \/> Por petici\u00f3n de moradores del sector del barrio Vascones Sevilla y Polic\u00eda Nacional, solicitan la ayuda a un  se\u00f1or de la tercera edad el cual se encuentra atrapado en el segundo piso de una vivienda,  se procede a salir en la Unidad B2 dando la ayuda inmediata. <br \/> Llegando al lugar se rescata al paciente de 66 a\u00f1os quien presenta enfermedad de Parkinson.<\/p>\n<p><a href=\"https:\/\/bomberos.puyo.gob.ec\/2019\/wp-content\/uploads\/ATENCIONMEDICA-COMUNIDAD-Por-peticion-de-moradores-del.fna&#038;oh=922e3a5d25295dd8cd6f5656ae45a8c3&#038;oe=5E7C6F13.png\"><img decoding=\"async\" class=\"wp_automatic_fb_img\" title=\"\" src=\"https:\/\/bomberos.puyo.gob.ec\/2019\/wp-content\/uploads\/ATENCIONMEDICA-COMUNIDAD-Por-peticion-de-moradores-del.fna&#038;oh=922e3a5d25295dd8cd6f5656ae45a8c3&#038;oe=5E7C6F13.png\" \/><\/a><br \/>\n<br \/><a href=\"https:\/\/www.facebook.com\/465093860312824\/posts\/1413202022168665\">en facebook&#8230; <\/a>  <\/p>\n","protected":false},"excerpt":{"rendered":"<p>| <a class=\"_58cn\" href=\"https:\/\/facebook.com\/hashtag\/atenci&#xf3;nm&#xe9;dica?source=feed_text&#038;epa=HASHTAG&#038;__xts__%5B0%5D=68.ARCJipAcQrZS_Fg771bO34GAhWKf1b9K3_UyH1dhiyjhK5gA5byCdfMQUfJ7al0ONi003M_aBvVLLPdNBUzXK2t6v66lcOFIpo2QfR9BS5nzR3dRMAnKPr_WaP-Mtu22Y0CSnFXvSItgtDg1-aEYHWt6Qg1GuJBHw1KwwSjPXPZz2c5IJA2dXJwl8mApIiFRwRz279UL0lycLyn5U1-iEeMFCmZyH5agywEsKdMELsOsiwYDDx5yqsfVyflBG0Up5Yx7PExqtE_c9H8rWhR3oFD0vLu1QIqgoQwLbMdGP1t1_kh626OrxI2zojKMN2FTLppDxN6UfnfhmQtRAuMVT_VFuQ&#038;__tn__=%2ANK-R\" data-ft=\"&#123;&quot;type&quot;:104,&quot;tn&quot;:&quot;*N&quot;&#125;\"><span class=\"_5afx\"><span aria-label=\"hashtag\" class=\"_58cl _5afz\">#ATENCI\u00d3NM\u00c9DICA<\/span><\/span><\/a> | <a class=\"_58cn\" href=\"https:\/\/facebook.com\/hashtag\/comunidad?source=feed_text&#038;epa=HASHTAG&#038;__xts__%5B0%5D=68.ARCJipAcQrZS_Fg771bO34GAhWKf1b9K3_UyH1dhiyjhK5gA5byCdfMQUfJ7al0ONi003M_aBvVLLPdNBUzXK2t6v66lcOFIpo2QfR9BS5nzR3dRMAnKPr_WaP-Mtu22Y0CSnFXvSItgtDg1-aEYHWt6Qg1GuJBHw1KwwSjPXPZz2c5IJA2dXJwl8mApIiFRwRz279UL0lycLyn5U1-iEeMFCmZyH5agywEsKdMELsOsiwYDDx5yqsfVyflBG0Up5Yx7PExqtE_c9H8rWhR3oFD0vLu1QIqgoQwLbMdGP1t1_kh626OrxI2zojKMN2FTLppDxN6UfnfhmQtRAuMVT_VFuQ&#038;__tn__=%2ANK-R\" data-ft=\"&#123;&quot;type&quot;:104,&quot;tn&quot;:&quot;*N&quot;&#125;\"><span class=\"_5afx\"><span aria-label=\"hashtag\" class=\"_58cl _5afz\">#COMUNIDAD<\/span><\/span><\/a> |<br \/> Por petici\u00f3n de moradores del sector del barrio Vascones Sevilla y Polic\u00eda Nacional, solicitan la ayuda a un  se\u00f1or de la tercera edad el cual se encuentra atrapado en el segundo piso de una vivienda,  se procede a salir en la Unidad B2 dando la ayuda inmediata. <br \/> Llegando al lugar se rescata al paciente de 66 a\u00f1os quien presenta enfermedad de Parkinson.<\/p>\n<p><a href=\"https:\/\/scontent.fuio15-1.fna.fbcdn.net\/v\/t1.0-9\/73094092_1413201398835394_2908197513754312704_o.png?_nc_cat=103&#038;_nc_ohc=K7OyzEfE-ZAAQnwXHWs_s_Z19ipYJdCayKaxX0quWlKANDeXeDgW_wWJg&#038;_nc_ht=scontent.fuio15-1.fna&#038;oh=922e3a5d25295dd8cd6f5656ae45a8c3&#038;oe=5E7C6F13\"><img decoding=\"async\" class=\"wp_automatic_fb_img\" title=\"\" src=\"https:\/\/scontent.fuio15-1.fna.fbcdn.net\/v\/t1.0-9\/73094092_1413201398835394_2908197513754312704_o.png?_nc_cat=103&#038;_nc_ohc=K7OyzEfE-ZAAQnwXHWs_s_Z19ipYJdCayKaxX0quWlKANDeXeDgW_wWJg&#038;_nc_ht=scontent.fuio15-1.fna&#038;oh=922e3a5d25295dd8cd6f5656ae45a8c3&#038;oe=5E7C6F13\" \/><\/a><\/p>\n","protected":false},"author":1,"featured_media":1040,"comment_status":"open","ping_status":"open","sticky":false,"template":"","format":"standard","meta":[],"categories":[1],"tags":[211,277,66,32,275,274,30,276],"_links":{"self":[{"href":"https:\/\/bomberos.puyo.gob.ec\/2019\/wp-json\/wp\/v2\/posts\/1039"}],"collection":[{"href":"https:\/\/bomberos.puyo.gob.ec\/2019\/wp-json\/wp\/v2\/posts"}],"about":[{"href":"https:\/\/bomberos.puyo.gob.ec\/2019\/wp-json\/wp\/v2\/types\/post"}],"author":[{"embeddable":true,"href":"https:\/\/bomberos.puyo.gob.ec\/2019\/wp-json\/wp\/v2\/users\/1"}],"replies":[{"embeddable":true,"href":"https:\/\/bomberos.puyo.gob.ec\/2019\/wp-json\/wp\/v2\/comments?post=1039"}],"version-history":[{"count":1,"href":"https:\/\/bomberos.puyo.gob.ec\/2019\/wp-json\/wp\/v2\/posts\/1039\/revisions"}],"predecessor-version":[{"id":1041,"href":"https:\/\/bomberos.puyo.gob.ec\/2019\/wp-json\/wp\/v2\/posts\/1039\/revisions\/1041"}],"wp:featuredmedia":[{"embeddable":true,"href":"https:\/\/bomberos.puyo.gob.ec\/2019\/wp-json\/wp\/v2\/media\/1040"}],"wp:attachment":[{"href":"https:\/\/bomberos.puyo.gob.ec\/2019\/wp-json\/wp\/v2\/media?parent=1039"}],"wp:term":[{"taxonomy":"category","embeddable":true,"href":"https:\/\/bomberos.puyo.gob.ec\/2019\/wp-json\/wp\/v2\/categories?post=1039"},{"taxonomy":"post_tag","embeddable":true,"href":"https:\/\/bomberos.puyo.gob.ec\/2019\/wp-json\/wp\/v2\/tags?post=1039"}],"curies":[{"name":"wp","href":"https:\/\/api.w.org\/{rel}","templated":true}]}}