{"id":1015,"date":"2019-10-30T11:45:14","date_gmt":"2019-10-30T16:45:14","guid":{"rendered":"https:\/\/bomberos.puyo.gob.ec\/emergencia-abejas-por-aviso-de-un-vecino-en-la-estacion-quien-nos\/"},"modified":"2019-12-21T08:54:08","modified_gmt":"2019-12-21T13:54:08","slug":"emergencia-abejas-por-aviso-de-un-vecino-en-la-estacion-quien-nos","status":"publish","type":"post","link":"https:\/\/bomberos.puyo.gob.ec\/2019\/emergencia-abejas-por-aviso-de-un-vecino-en-la-estacion-quien-nos\/","title":{"rendered":"| #EMERGENCIA | #ABEJAS |      \n Por aviso de un vecino en la estaci\u00f3n quien nos&#8230;"},"content":{"rendered":"<p>| <a class=\"_58cn\" href=\"https:\/\/facebook.com\/hashtag\/emergencia?source=feed_text&#038;epa=HASHTAG&#038;__xts__%5B0%5D=68.ARBspFSvgzXeSm-Js647UnB9TCy_6H-SX6h7pI0F7qlNn2rNfBTRqJROe4LYGsDTM-Mdyev3sTgDOl_t1EJL30_J2D7Vhope2ZjuPKCuLPuWEy4WNZhfKmf28gNKNKj9M8RKSJKVZBwFufKrtoLFaVr-1P5hmwShB5Rch_QHYgr-AbQ5HU9LnFVxSjwHccYKFjY9_rp1Q0AHFtp7sRPoFzavBGbS5nYP5qPVFZhTOMwGU4NLCBanSHebgxK7h0rIqsxjJbTSZ_I_pG4y234GcE939bQTOeDP5oBFP0_HJOPuwQIW60dWnG8wHmU2Y7FN_IIoXZFIf8TJv2awU5UOnbc4lg&#038;__tn__=%2ANK-R\" data-ft=\"&#123;&quot;type&quot;:104,&quot;tn&quot;:&quot;*N&quot;&#125;\"><span class=\"_5afx\"><span aria-label=\"hashtag\" class=\"_58cl _5afz\">#EMERGENCIA<\/span><\/span><\/a> | <a class=\"_58cn\" href=\"https:\/\/facebook.com\/hashtag\/abejas?source=feed_text&#038;epa=HASHTAG&#038;__xts__%5B0%5D=68.ARBspFSvgzXeSm-Js647UnB9TCy_6H-SX6h7pI0F7qlNn2rNfBTRqJROe4LYGsDTM-Mdyev3sTgDOl_t1EJL30_J2D7Vhope2ZjuPKCuLPuWEy4WNZhfKmf28gNKNKj9M8RKSJKVZBwFufKrtoLFaVr-1P5hmwShB5Rch_QHYgr-AbQ5HU9LnFVxSjwHccYKFjY9_rp1Q0AHFtp7sRPoFzavBGbS5nYP5qPVFZhTOMwGU4NLCBanSHebgxK7h0rIqsxjJbTSZ_I_pG4y234GcE939bQTOeDP5oBFP0_HJOPuwQIW60dWnG8wHmU2Y7FN_IIoXZFIf8TJv2awU5UOnbc4lg&#038;__tn__=%2ANK-R\" data-ft=\"&#123;&quot;type&quot;:104,&quot;tn&quot;:&quot;*N&quot;&#125;\"><span class=\"_5afx\"><span aria-label=\"hashtag\" class=\"_58cl _5afz\">#ABEJAS<\/span><\/span><\/a> |  <span class=\"_5mfr\"><span class=\"_6qdm\" style=\"height: 16px; width: 16px; font-size: 16px; background-image: url(&quot;https:\/\/static.xx.fbcdn.net\/images\/emoji.php\/v9\/te6\/1\/16\/1f691.png&quot;)\">\ud83d\ude91<\/span><\/span>    <br \/> Por aviso de un vecino en la estaci\u00f3n quien nos reporta el ataque de abejas africanizadas (api mel\u00edferas) a una persona de la tercera edad de 88 a\u00f1os quien realizaba trabajos de mudanza de su ganado, se la estabiliza en la estaci\u00f3n X1 ya que presenta un shock anafil\u00e1ctico por la cantidad de apitoxina que ingres\u00f3 a su cuerpo por los piquetes se la trasladada al <a class=\"profileLink\" href=\"https:\/\/www.facebook.com\/pages\/Hospital-IEES-PUYO\/468985853123024?__tn__=K-R&#038;eid=ARBd72csTu07fWLj15B18uI5bWgY_5k5QeaBDAGAiIgulFlpZatsL8uyPN35lBRIgImvL94FKGovsGE2&#038;fref=mentions&#038;__xts__%5B0%5D=68.ARBspFSvgzXeSm-Js647UnB9TCy_6H-SX6h7pI0F7qlNn2rNfBTRqJROe4LYGsDTM-Mdyev3sTgDOl_t1EJL30_J2D7Vhope2ZjuPKCuLPuWEy4WNZhfKmf28gNKNKj9M8RKSJKVZBwFufKrtoLFaVr-1P5hmwShB5Rch_QHYgr-AbQ5HU9LnFVxSjwHccYKFjY9_rp1Q0AHFtp7sRPoFzavBGbS5nYP5qPVFZhTOMwGU4NLCBanSHebgxK7h0rIqsxjJbTSZ_I_pG4y234GcE939bQTOeDP5oBFP0_HJOPuwQIW60dWnG8wHmU2Y7FN_IIoXZFIf8TJv2awU5UOnbc4lg\" data-hovercard=\"\/ajax\/hovercard\/page.php?id=468985853123024&#038;extragetparams=%7B%22__tn__%22%3A%22%2CdK-R-R%22%2C%22eid%22%3A%22ARBd72csTu07fWLj15B18uI5bWgY_5k5QeaBDAGAiIgulFlpZatsL8uyPN35lBRIgImvL94FKGovsGE2%22%2C%22fref%22%3A%22mentions%22%7D\" data-hovercard-prefer-more-content-show=\"1\">Hospital IEES PUYO<\/a> recibe la doctora Paucar posterior la unidad retorna X1.<\/p>\n<p><a href=\"https:\/\/bomberos.puyo.gob.ec\/2019\/wp-content\/uploads\/EMERGENCIA-ABEJAS-Por-aviso-de-un-vecino.fna&#038;oh=42d12dfdf84dc6531d9ec02b2acb2498&#038;oe=5E75D375.jpeg\"><img decoding=\"async\" class=\"wp_automatic_fb_img\" title=\"\" src=\"https:\/\/bomberos.puyo.gob.ec\/2019\/wp-content\/uploads\/EMERGENCIA-ABEJAS-Por-aviso-de-un-vecino.fna&#038;oh=42d12dfdf84dc6531d9ec02b2acb2498&#038;oe=5E75D375.jpeg\" \/><\/a><br \/>\n<br \/><a href=\"https:\/\/www.facebook.com\/465093860312824\/posts\/1421891641299703\">en facebook&#8230; <\/a>  <\/p>\n","protected":false},"excerpt":{"rendered":"<p>| <a class=\"_58cn\" href=\"https:\/\/facebook.com\/hashtag\/emergencia?source=feed_text&#038;epa=HASHTAG&#038;__xts__%5B0%5D=68.ARBspFSvgzXeSm-Js647UnB9TCy_6H-SX6h7pI0F7qlNn2rNfBTRqJROe4LYGsDTM-Mdyev3sTgDOl_t1EJL30_J2D7Vhope2ZjuPKCuLPuWEy4WNZhfKmf28gNKNKj9M8RKSJKVZBwFufKrtoLFaVr-1P5hmwShB5Rch_QHYgr-AbQ5HU9LnFVxSjwHccYKFjY9_rp1Q0AHFtp7sRPoFzavBGbS5nYP5qPVFZhTOMwGU4NLCBanSHebgxK7h0rIqsxjJbTSZ_I_pG4y234GcE939bQTOeDP5oBFP0_HJOPuwQIW60dWnG8wHmU2Y7FN_IIoXZFIf8TJv2awU5UOnbc4lg&#038;__tn__=%2ANK-R\" data-ft=\"&#123;&quot;type&quot;:104,&quot;tn&quot;:&quot;*N&quot;&#125;\"><span class=\"_5afx\"><span aria-label=\"hashtag\" class=\"_58cl _5afz\">#EMERGENCIA<\/span><\/span><\/a> | <a class=\"_58cn\" href=\"https:\/\/facebook.com\/hashtag\/abejas?source=feed_text&#038;epa=HASHTAG&#038;__xts__%5B0%5D=68.ARBspFSvgzXeSm-Js647UnB9TCy_6H-SX6h7pI0F7qlNn2rNfBTRqJROe4LYGsDTM-Mdyev3sTgDOl_t1EJL30_J2D7Vhope2ZjuPKCuLPuWEy4WNZhfKmf28gNKNKj9M8RKSJKVZBwFufKrtoLFaVr-1P5hmwShB5Rch_QHYgr-AbQ5HU9LnFVxSjwHccYKFjY9_rp1Q0AHFtp7sRPoFzavBGbS5nYP5qPVFZhTOMwGU4NLCBanSHebgxK7h0rIqsxjJbTSZ_I_pG4y234GcE939bQTOeDP5oBFP0_HJOPuwQIW60dWnG8wHmU2Y7FN_IIoXZFIf8TJv2awU5UOnbc4lg&#038;__tn__=%2ANK-R\" data-ft=\"&#123;&quot;type&quot;:104,&quot;tn&quot;:&quot;*N&quot;&#125;\"><span class=\"_5afx\"><span aria-label=\"hashtag\" class=\"_58cl _5afz\">#ABEJAS<\/span><\/span><\/a> |  <span class=\"_5mfr\"><span class=\"_6qdm\" style=\"height: 16px; width: 16px; font-size: 16px; background-image: url(&quot;https:\/\/static.xx.fbcdn.net\/images\/emoji.php\/v9\/te6\/1\/16\/1f691.png&quot;)\">\ud83d\ude91<\/span><\/span>    <br \/> Por aviso de un vecino en la estaci\u00f3n quien nos reporta el ataque de abejas africanizadas (api mel\u00edferas) a una persona de la tercera edad de 88 a\u00f1os quien realizaba trabajos de mudanza de su ganado, se la estabiliza en la estaci\u00f3n X1 ya que presenta un shock anafil\u00e1ctico por la cantidad de apitoxina que ingres\u00f3 a su cuerpo por los piquetes se la trasladada al <a class=\"profileLink\" href=\"https:\/\/www.facebook.com\/pages\/Hospital-IEES-PUYO\/468985853123024?__tn__=K-R&#038;eid=ARBd72csTu07fWLj15B18uI5bWgY_5k5QeaBDAGAiIgulFlpZatsL8uyPN35lBRIgImvL94FKGovsGE2&#038;fref=mentions&#038;__xts__%5B0%5D=68.ARBspFSvgzXeSm-Js647UnB9TCy_6H-SX6h7pI0F7qlNn2rNfBTRqJROe4LYGsDTM-Mdyev3sTgDOl_t1EJL30_J2D7Vhope2ZjuPKCuLPuWEy4WNZhfKmf28gNKNKj9M8RKSJKVZBwFufKrtoLFaVr-1P5hmwShB5Rch_QHYgr-AbQ5HU9LnFVxSjwHccYKFjY9_rp1Q0AHFtp7sRPoFzavBGbS5nYP5qPVFZhTOMwGU4NLCBanSHebgxK7h0rIqsxjJbTSZ_I_pG4y234GcE939bQTOeDP5oBFP0_HJOPuwQIW60dWnG8wHmU2Y7FN_IIoXZFIf8TJv2awU5UOnbc4lg\" data-hovercard=\"\/ajax\/hovercard\/page.php?id=468985853123024&#038;extragetparams=%7B%22__tn__%22%3A%22%2CdK-R-R%22%2C%22eid%22%3A%22ARBd72csTu07fWLj15B18uI5bWgY_5k5QeaBDAGAiIgulFlpZatsL8uyPN35lBRIgImvL94FKGovsGE2%22%2C%22fref%22%3A%22mentions%22%7D\" data-hovercard-prefer-more-content-show=\"1\">Hospital IEES PUYO<\/a> recibe la doctora Paucar posterior la unidad retorna X1.<\/p>\n<p><a href=\"https:\/\/scontent.fuio15-1.fna.fbcdn.net\/v\/t1.0-9\/75610666_1421891624633038_270313670968344576_o.jpg?_nc_cat=100&#038;_nc_ohc=PeEnNxIEHWIAQmbJg2e9j-UF6_CtVAy9HuPFXpoJ8pZ2A6bOATw6jbZyA&#038;_nc_ht=scontent.fuio15-1.fna&#038;oh=42d12dfdf84dc6531d9ec02b2acb2498&#038;oe=5E75D375\"><img decoding=\"async\" class=\"wp_automatic_fb_img\" title=\"\" src=\"https:\/\/scontent.fuio15-1.fna.fbcdn.net\/v\/t1.0-9\/75610666_1421891624633038_270313670968344576_o.jpg?_nc_cat=100&#038;_nc_ohc=PeEnNxIEHWIAQmbJg2e9j-UF6_CtVAy9HuPFXpoJ8pZ2A6bOATw6jbZyA&#038;_nc_ht=scontent.fuio15-1.fna&#038;oh=42d12dfdf84dc6531d9ec02b2acb2498&#038;oe=5E75D375\" \/><\/a><\/p>\n","protected":false},"author":1,"featured_media":1016,"comment_status":"open","ping_status":"open","sticky":false,"template":"","format":"standard","meta":[],"categories":[1],"tags":[72,256,182,258,75,30,187,257],"_links":{"self":[{"href":"https:\/\/bomberos.puyo.gob.ec\/2019\/wp-json\/wp\/v2\/posts\/1015"}],"collection":[{"href":"https:\/\/bomberos.puyo.gob.ec\/2019\/wp-json\/wp\/v2\/posts"}],"about":[{"href":"https:\/\/bomberos.puyo.gob.ec\/2019\/wp-json\/wp\/v2\/types\/post"}],"author":[{"embeddable":true,"href":"https:\/\/bomberos.puyo.gob.ec\/2019\/wp-json\/wp\/v2\/users\/1"}],"replies":[{"embeddable":true,"href":"https:\/\/bomberos.puyo.gob.ec\/2019\/wp-json\/wp\/v2\/comments?post=1015"}],"version-history":[{"count":1,"href":"https:\/\/bomberos.puyo.gob.ec\/2019\/wp-json\/wp\/v2\/posts\/1015\/revisions"}],"predecessor-version":[{"id":1017,"href":"https:\/\/bomberos.puyo.gob.ec\/2019\/wp-json\/wp\/v2\/posts\/1015\/revisions\/1017"}],"wp:featuredmedia":[{"embeddable":true,"href":"https:\/\/bomberos.puyo.gob.ec\/2019\/wp-json\/wp\/v2\/media\/1016"}],"wp:attachment":[{"href":"https:\/\/bomberos.puyo.gob.ec\/2019\/wp-json\/wp\/v2\/media?parent=1015"}],"wp:term":[{"taxonomy":"category","embeddable":true,"href":"https:\/\/bomberos.puyo.gob.ec\/2019\/wp-json\/wp\/v2\/categories?post=1015"},{"taxonomy":"post_tag","embeddable":true,"href":"https:\/\/bomberos.puyo.gob.ec\/2019\/wp-json\/wp\/v2\/tags?post=1015"}],"curies":[{"name":"wp","href":"https:\/\/api.w.org\/{rel}","templated":true}]}}